{"id":2592,"date":"2024-12-11T23:40:17","date_gmt":"2024-12-11T20:40:17","guid":{"rendered":"https:\/\/blog.egophobia.ro\/?p=2592"},"modified":"2024-12-11T23:40:17","modified_gmt":"2024-12-11T20:40:17","slug":"expozitie-temporara-martori-si-eroi-35-de-ani-de-la-revolutia-din-1989","status":"publish","type":"post","link":"https:\/\/blog.egophobia.ro\/?p=2592","title":{"rendered":"Expozi\u021bie temporar\u0103: Martori \u0219i eroi &#8211; 35 de ani de la Revolu\u021bia din 1989"},"content":{"rendered":"<blockquote>\n<p style=\"font-weight: 400;\"><strong>Muzeului Comunismului din Bucure\u0219ti lanseaz\u0103 expozi\u021bia temporar\u0103 \u201e Martori \u0219i eroi &#8211; 35 de ani de la Revolu\u021bia din 1989\u201d (9 decembrie 2024 \u2013 31 ianuarie 2025).\u00a0<\/strong><\/p>\n<p style=\"font-weight: 400;\"><strong>Revolu\u021bia din 1989 a fost punctul culminant al luptei rom\u00e2nilor pentru libertate. \u00cen fa\u021ba represiunii brutale, dorin\u021ba de libertate a \u00eenvins frica, iar curajul revolu\u021bionarilor a determinat atingerea unui ideal ce p\u0103rea imposibil: c\u0103derea regimului Ceau\u0219escu. \u00cent\u00e2i la Timi\u0219oara, apoi la Bucure\u0219ti \u0219i \u00een toat\u0103 Rom\u00e2nia, miile de glasuri au devenit simbolul unei na\u021biuni ce \u00ee\u0219i revendica dreptul la demnitate \u0219i libertate.<\/strong><\/p>\n<p style=\"font-weight: 400;\">\u00cen premier\u0103, la Muzeul Comunismului din Bucure\u0219ti, expozi\u021bia temporar\u0103 bilingv\u0103 \u201eMartori \u0219i eroi: 35 de ani de la Revolu\u021bia din 1989\u201d ne invit\u0103 s\u0103 retr\u0103im acele momente \u00eenc\u0103rcate de emo\u021bia rec\u00e2\u0219tig\u0103rii libert\u0103\u021bii. Prin fotografii, m\u0103rturii, documente \u0219i materiale video, vizitatorii vor putea descoperi povestea unor oameni obi\u0219nui\u021bi, care au devenit eroi ai libert\u0103\u021bii, dar \u0219i posibile r\u0103spunsuri la binecunoscuta \u00eentrebare: \u201eCine a tras la Revolu\u021bie?\u201d.<!--more--><\/p>\n<p style=\"font-weight: 400;\">Expozi\u021bie organizat\u0103 \u00een parteneriat cu: Andrei Ursu, Mihai Dodu, Nicoleta Giurcanu, Turul Revolu\u021biei din 1989 \u0219i Revolu\u021bia Modelelor.<\/p>\n<p style=\"font-weight: 400;\"><strong><u>\u00a0<\/u><\/strong><\/p>\n<p style=\"font-weight: 400;\"><strong><u>\u00cen cadrul expozi\u021biei, vor avea loc \u0219i patru evenimente cu intrare liber\u0103, \u00een 10, 11, 17 \u0219i 18 decembrie.<\/u><\/strong>\u00a0Participan\u021bii la evenimente vor avea ocazia de a vizita expozi\u021bia \u00een mod gratuit. Detalii:\u00a0<a href=\"https:\/\/deref-gmx.net\/mail\/client\/vKVSIBX-kS8\/dereferrer\/?redirectUrl=https%3A%2F%2Fundevaincomunism.com%2Fro%2Fmartori-si-eroi-35-ani-de-la-revolutia-din-1989%2F\">https:\/\/undevaincomunism.com\/ro\/martori-si-eroi-35-ani-de-la-revolutia-din-1989\/<\/a><\/p>\n<p style=\"font-weight: 400;\"><strong><u>Intrarea la expozi\u021bie este inclus\u0103 \u00een biletul de muzeu.<\/u><\/strong>\u00a0Biletele se pot achizi\u021biona la intrare sau online, pe site-ul muzeului.<\/p>\n<p style=\"font-weight: 400;\"><strong>Program:\u00a0<\/strong>L-D (miercuri \u00eenchis), 10:00 \u2013 19:00<\/p>\n<p style=\"font-weight: 400;\"><strong>Adres\u0103:\u00a0<\/strong>Museum of Communism in Bucharest, Centrul Vechi (Covaci 6)<\/p>\n<\/blockquote>\n","protected":false},"excerpt":{"rendered":"<p>Muzeului Comunismului din Bucure\u0219ti lanseaz\u0103 expozi\u021bia temporar\u0103 \u201e Martori \u0219i eroi &#8211; 35 de ani de la Revolu\u021bia din 1989\u201d (9 decembrie 2024 \u2013 31 ianuarie 2025).\u00a0 Revolu\u021bia din 1989 a fost punctul culminant al luptei rom\u00e2nilor pentru libertate. \u00cen fa\u021ba represiunii brutale, dorin\u021ba de libertate a \u00eenvins frica, iar curajul revolu\u021bionarilor a determinat atingerea [&hellip;]<\/p>\n","protected":false},"author":2,"featured_media":0,"comment_status":"open","ping_status":"open","sticky":false,"template":"","format":"standard","meta":{"_jetpack_memberships_contains_paid_content":false,"footnotes":"","jetpack_publicize_message":"","jetpack_publicize_feature_enabled":true,"jetpack_social_post_already_shared":true,"jetpack_social_options":{"image_generator_settings":{"template":"highway","default_image_id":0,"font":"","enabled":false},"version":2}},"categories":[4],"tags":[121],"class_list":["post-2592","post","type-post","status-publish","format-standard","hentry","category-anunturi-culturale","tag-expozitie"],"jetpack_publicize_connections":[],"jetpack_featured_media_url":"","jetpack_sharing_enabled":true,"_links":{"self":[{"href":"https:\/\/blog.egophobia.ro\/index.php?rest_route=\/wp\/v2\/posts\/2592","targetHints":{"allow":["GET"]}}],"collection":[{"href":"https:\/\/blog.egophobia.ro\/index.php?rest_route=\/wp\/v2\/posts"}],"about":[{"href":"https:\/\/blog.egophobia.ro\/index.php?rest_route=\/wp\/v2\/types\/post"}],"author":[{"embeddable":true,"href":"https:\/\/blog.egophobia.ro\/index.php?rest_route=\/wp\/v2\/users\/2"}],"replies":[{"embeddable":true,"href":"https:\/\/blog.egophobia.ro\/index.php?rest_route=%2Fwp%2Fv2%2Fcomments&post=2592"}],"version-history":[{"count":1,"href":"https:\/\/blog.egophobia.ro\/index.php?rest_route=\/wp\/v2\/posts\/2592\/revisions"}],"predecessor-version":[{"id":2593,"href":"https:\/\/blog.egophobia.ro\/index.php?rest_route=\/wp\/v2\/posts\/2592\/revisions\/2593"}],"wp:attachment":[{"href":"https:\/\/blog.egophobia.ro\/index.php?rest_route=%2Fwp%2Fv2%2Fmedia&parent=2592"}],"wp:term":[{"taxonomy":"category","embeddable":true,"href":"https:\/\/blog.egophobia.ro\/index.php?rest_route=%2Fwp%2Fv2%2Fcategories&post=2592"},{"taxonomy":"post_tag","embeddable":true,"href":"https:\/\/blog.egophobia.ro\/index.php?rest_route=%2Fwp%2Fv2%2Ftags&post=2592"}],"curies":[{"name":"wp","href":"https:\/\/api.w.org\/{rel}","templated":true}]}}