{"id":2614,"date":"2025-09-01T22:30:46","date_gmt":"2025-09-01T19:30:46","guid":{"rendered":"https:\/\/blog.egophobia.ro\/?p=2614"},"modified":"2025-09-01T22:30:46","modified_gmt":"2025-09-01T19:30:46","slug":"expozitie-temporara-la-muzeul-comunismului-din-bucuresti-a-fost-odata-in-comunism","status":"publish","type":"post","link":"https:\/\/blog.egophobia.ro\/?p=2614","title":{"rendered":"Expozi\u021bie temporar\u0103 la Muzeul Comunismului din Bucure\u0219ti \u201eA fost odat\u0103 \u00een comunism\u201d"},"content":{"rendered":"<blockquote>\n<p style=\"font-weight: 400; text-align: justify;\"><strong>Propaganda \u00een manualele \u0219colare, revistele vremii \u0219i c\u0103r\u021bile pentru copii<\/strong><\/p>\n<p style=\"font-weight: 400; text-align: justify;\">\nMuzeul Comunismului din Bucure\u0219ti (Str. Covaci 6) inaugureaz\u0103 joi, 11 septembrie 2025, ora 19:00, o nou\u0103 microexpozi\u021bie temporar\u0103. Intrarea la vernisaj este liber\u0103.\u00a0Expozi\u021bia exploreaz\u0103 unul dintre cele mai subtile \u0219i eficiente mecanisme ale regimului comunist: modelarea con\u0219tiin\u021bei \u00eenc\u0103 din primii ani de via\u021b\u0103.<!--more--><\/p>\n<p style=\"font-weight: 400; text-align: justify;\">Prezentat\u0103 bilingv (rom\u00e2n\u0103\u2013englez\u0103) \u0219i realizat\u0103 \u00eempreun\u0103 cu documentaristul Dan Tudoroiu, expozi\u021bia reune\u0219te manuale, reviste \u0219i c\u0103r\u021bi pentru copii din perioada comunist\u0103, organizate pe sec\u021biuni tematice: sacralizarea muncii, iubirea fa\u021b\u0103 de patrie, partid \u0219i conduc\u0103tor, c\u00e2t \u0219i un segment special dedicat \u201eMotanului Arpagic\u201d, simbol al rezisten\u021bei prin literatur\u0103.<\/p>\n<p style=\"font-weight: 400; text-align: justify;\">\n<p style=\"font-weight: 400; text-align: justify;\">Detalii:<\/p>\n<ul style=\"font-weight: 400; text-align: justify;\">\n<li>Perioad\u0103: 11 septembrie \u2013 27 noiembrie 2025<\/li>\n<li>Vernisaj: joi, 11 septembrie, ora 19:00 &#8211; intrare liber\u0103 cu rezervare online\u00a0<a href=\"https:\/\/deref-gmx.net\/mail\/client\/FstuiuJuGJM\/dereferrer\/?redirectUrl=https%3A%2F%2Fundevaincomunism.com%2Fa-fost-odata-in-comunism%2F\">https:\/\/undevaincomunism.com\/a-fost-odata-in-comunism\/<\/a><\/li>\n<li>Loca\u021bie: Muzeul Comunismului, Str. Covaci 6, Centrul Vechi, Bucure\u0219ti<\/li>\n<li>Acces: inclus \u00een biletul de intrare la muzeu, \u00een programul obi\u0219nuit de vizitare<\/li>\n<\/ul>\n<p style=\"font-weight: 400; text-align: justify;\">\n<p style=\"font-weight: 400; text-align: justify;\"><em>\u201eFie c\u0103 am tr\u0103it sau nu \u00een comunism, ceea ce vedem \u0219i citim \u00een copil\u0103rie ne modeleaz\u0103 percep\u021biile. Expozi\u021bia arat\u0103 cum educa\u021bia \u0219i literatura pentru copii au fost folosite ca instrumente de propagand\u0103, dar \u0219i cum, uneori, acestea au devenit spa\u021bii de creativitate \u0219i rezisten\u021b\u0103\u201d<\/em>\u00a0\u2013 declar\u0103 C\u0103t\u0103lina Andrie\u0219, fondatoarea muzeului.<\/p>\n<p style=\"font-weight: 400; text-align: justify;\">\n<p style=\"font-weight: 400; text-align: justify;\">Muzeul Comunismului din Bucure\u0219ti este un proiect privat, inaugurat \u00een iulie 2023, \u00een Centrul Vechi al Capitalei. Dan Tudoroiu a fost documentaristul expozi\u021biei de carte ilustrat\u0103 din cadrul festivalului Bucharest Graphic Days 2024,\u00a0un demers care a propus s\u0103 readuc\u0103 la lumin\u0103 ilustra\u021bia rom\u00e2neasc\u0103 din anii \u201850.<\/p>\n<p style=\"font-weight: 400; text-align: justify;\">\n<p style=\"font-weight: 400; text-align: justify;\">Contact pres\u0103:<br \/>\nIulia Ursulescu \u2013 Specialist PR, Muzeul Comunismului din Bucure\u0219ti<br \/>\nE-mail:\u00a0<a href=\"mailto:undevaincomunism@gmail.com\">undevaincomunism@gmail.com<\/a>\u00a0| Tel: 0748 150 003<br \/>\nWebsite:\u00a0<a href=\"https:\/\/deref-gmx.net\/mail\/client\/VZ1rRE_aZB4\/dereferrer\/?redirectUrl=http%3A%2F%2Fwww.undevaincomunism.com\">www.undevaincomunism.com<\/a>\u00a0| Facebook: Muzeul Comunismului din Bucure\u0219ti | Instagram: @muzeulcomunismului<\/p>\n<\/blockquote>\n","protected":false},"excerpt":{"rendered":"<p>Propaganda \u00een manualele \u0219colare, revistele vremii \u0219i c\u0103r\u021bile pentru copii Muzeul Comunismului din Bucure\u0219ti (Str. Covaci 6) inaugureaz\u0103 joi, 11 septembrie 2025, ora 19:00, o nou\u0103 microexpozi\u021bie temporar\u0103. Intrarea la vernisaj este liber\u0103.\u00a0Expozi\u021bia exploreaz\u0103 unul dintre cele mai subtile \u0219i eficiente mecanisme ale regimului comunist: modelarea con\u0219tiin\u021bei \u00eenc\u0103 din primii ani de via\u021b\u0103.<\/p>\n","protected":false},"author":2,"featured_media":0,"comment_status":"open","ping_status":"open","sticky":false,"template":"","format":"standard","meta":{"_jetpack_memberships_contains_paid_content":false,"footnotes":"","jetpack_publicize_message":"","jetpack_publicize_feature_enabled":true,"jetpack_social_post_already_shared":true,"jetpack_social_options":{"image_generator_settings":{"template":"highway","default_image_id":0,"font":"","enabled":false},"version":2}},"categories":[4],"tags":[],"class_list":["post-2614","post","type-post","status-publish","format-standard","hentry","category-anunturi-culturale"],"jetpack_publicize_connections":[],"jetpack_featured_media_url":"","jetpack_sharing_enabled":true,"_links":{"self":[{"href":"https:\/\/blog.egophobia.ro\/index.php?rest_route=\/wp\/v2\/posts\/2614","targetHints":{"allow":["GET"]}}],"collection":[{"href":"https:\/\/blog.egophobia.ro\/index.php?rest_route=\/wp\/v2\/posts"}],"about":[{"href":"https:\/\/blog.egophobia.ro\/index.php?rest_route=\/wp\/v2\/types\/post"}],"author":[{"embeddable":true,"href":"https:\/\/blog.egophobia.ro\/index.php?rest_route=\/wp\/v2\/users\/2"}],"replies":[{"embeddable":true,"href":"https:\/\/blog.egophobia.ro\/index.php?rest_route=%2Fwp%2Fv2%2Fcomments&post=2614"}],"version-history":[{"count":1,"href":"https:\/\/blog.egophobia.ro\/index.php?rest_route=\/wp\/v2\/posts\/2614\/revisions"}],"predecessor-version":[{"id":2615,"href":"https:\/\/blog.egophobia.ro\/index.php?rest_route=\/wp\/v2\/posts\/2614\/revisions\/2615"}],"wp:attachment":[{"href":"https:\/\/blog.egophobia.ro\/index.php?rest_route=%2Fwp%2Fv2%2Fmedia&parent=2614"}],"wp:term":[{"taxonomy":"category","embeddable":true,"href":"https:\/\/blog.egophobia.ro\/index.php?rest_route=%2Fwp%2Fv2%2Fcategories&post=2614"},{"taxonomy":"post_tag","embeddable":true,"href":"https:\/\/blog.egophobia.ro\/index.php?rest_route=%2Fwp%2Fv2%2Ftags&post=2614"}],"curies":[{"name":"wp","href":"https:\/\/api.w.org\/{rel}","templated":true}]}}