{"id":294,"date":"2008-11-22T20:48:58","date_gmt":"2008-11-22T18:48:58","guid":{"rendered":"http:\/\/egophobia.dap.ro\/?p=294"},"modified":"2008-11-22T20:48:58","modified_gmt":"2008-11-22T18:48:58","slug":"campania-de-16-zile-impotriva-violentei-asupra-femeii-2008","status":"publish","type":"post","link":"https:\/\/blog.egophobia.ro\/?p=294","title":{"rendered":"Campania de 16 zile impotriva violentei asupra femeii 2008"},"content":{"rendered":"<p><em>anun\u0163 sosit la redac\u0163ie:<\/em><\/p>\n<blockquote><p>Sub sloganul &#8222;drepturile omului sunt \u015fi drepturile femeii&#8221; \u00eencepe cea de-a 18-a edi\u0163ie a \u201ecampaniei celor 16 zile de activism \u00eempotriva violen\u0163ei de gen&#8221;, organizat\u0103 de Institutul rom\u00e2n pentru ac\u0163iune, instruire \u015fi cercetare \u00een domeniul p\u0103cii (PATRIR) la Cluj Napoca. <!--more-->Campania se desf\u0103\u015foar\u0103 \u00een perioada 25 noiembrie-10 decembrie \u015fi are ca scop cre\u015fterea gradului de con\u015ftientizare la nivel local asupra violen\u0163ei \u00eempotriva femeii ca o \u00eenc\u0103lcare a drepturilor omului.<\/p>\n<p>Campania este organizat\u0103 \u00een parteneriat cu ANES, Artemis, Inspectoratul de Poli\u0163ie al Jude\u0163ului Cluj, ANITP \u015fi debuteaz\u0103 \u00een data de 25 noiembrie cu Expozitia Martorelor T\u0103cute (de la ora 14.30). Expozitiea prezint\u0103 o serie de statuete ro\u015fii, expuse \u00een P-\u0163a Mihai Viteazu, reprezent\u00e2nd cazurile reale ale unor femei, c\u0103zute victime ale violen\u0163ei domestice. Aceast\u0103 ac\u0163iune este urmat\u0103 \u00een data de 27 noiembrie de prezentarea filmului \u201eBitter Moon&#8221;, la Casa Tranzit (ora 18.30), prefa\u0163at\u0103 de spoturi, filme si documentare de scurt metraj. Vor fi organizate o serie de ateliere \u00een 8 \u015fcoli din Cluj-Napoca pe 27- 28 noiembrie pe tema &#8222;Violen\u0163a domestic\u0103 \u015fi \u00eenc\u0103lcarea drepturilor femeii&#8221;. Deasemenea, \u00een 3 \u015fi 4 decembrie, vor fi sus\u0163inute &#8222;sesiuni de informare&#8221; \u00een dou\u0103 localit\u0103\u0163i din comuna Jucu, Judetul Cluj. Cele 16 zile ale campaniei cuprind \u015fi un program de instruire, intitulat \u201eGenul \u015fi rela\u0163iile de putere&#8221;,care se va desf\u0103\u015fura \u00een 5-6 decembrie,la sediul Institutului Roman pentru Pace (PATRIR), de la ora 10.00 la ora 17.30. \u00cen data de 7 decembrie va avea loc conferin\u0163a de presa \u015fi atelierul practic &#8222;Rela\u0163ia femeie-b\u0103rbat \u00een mass media&#8221;, iar pe 8 decembrie o mas\u0103 rotund\u0103 &#8222;Feminismul de la teorie la practica&#8221;. O dezbatere \u00eentr-un cadru informal, va fi organizat\u0103 marti, 9 decembrie \u00een cafeneaua Klausen, de la ora 18.00, urm\u00e2nd ca pe 10 decembrie s\u0103 fie amplasat \u00een foyer-ul Operei Nationale un stand informativ cu privire la inegalit\u0103\u0163ile de gen \u015fi drepurile omului, eveniment numit simbolic &#8222;Festivalul Drepturilor Femeii&#8221; . &#8222;Campania celor 16 zile de activism \u00eempotriva violen\u0163ei de gen&#8221; se \u00eencheie cu o serie de concerte sus\u0163inute \u00een Roland Gaross \u00een data de 12-13 decembrie, de la ora 22.00. Vor concerta Luna Amara \u015fi alte \u015fase trupe rom\u00e2ne\u015fti cu ideea de a promova drepturile omului \u015fi implicit drepturile femeii.<\/p>\n<p>Pentru rela\u0163ii suplimentare contacta\u0163i biroul PATRIR, persoana de contact:<\/p>\n<p>Bianca Bota, Coordonator de campanie, 0745217468<\/p><\/blockquote>\n","protected":false},"excerpt":{"rendered":"<p>anun\u0163 sosit la redac\u0163ie: Sub sloganul &#8222;drepturile omului sunt \u015fi drepturile femeii&#8221; \u00eencepe cea de-a 18-a edi\u0163ie a \u201ecampaniei celor 16 zile de activism \u00eempotriva violen\u0163ei de gen&#8221;, organizat\u0103 de Institutul rom\u00e2n pentru ac\u0163iune, instruire \u015fi cercetare \u00een domeniul p\u0103cii (PATRIR) la Cluj Napoca.<\/p>\n","protected":false},"author":1,"featured_media":0,"comment_status":"open","ping_status":"open","sticky":false,"template":"","format":"standard","meta":{"_jetpack_memberships_contains_paid_content":false,"footnotes":"","jetpack_publicize_message":"","jetpack_publicize_feature_enabled":true,"jetpack_social_post_already_shared":false,"jetpack_social_options":{"image_generator_settings":{"template":"highway","default_image_id":0,"font":"","enabled":false},"version":2}},"categories":[4],"tags":[65,78,105,291],"class_list":["post-294","post","type-post","status-publish","format-standard","hentry","category-anunturi-culturale","tag-campanie","tag-cluj","tag-drepturile-omului","tag-violenta"],"jetpack_publicize_connections":[],"jetpack_featured_media_url":"","jetpack_sharing_enabled":true,"_links":{"self":[{"href":"https:\/\/blog.egophobia.ro\/index.php?rest_route=\/wp\/v2\/posts\/294","targetHints":{"allow":["GET"]}}],"collection":[{"href":"https:\/\/blog.egophobia.ro\/index.php?rest_route=\/wp\/v2\/posts"}],"about":[{"href":"https:\/\/blog.egophobia.ro\/index.php?rest_route=\/wp\/v2\/types\/post"}],"author":[{"embeddable":true,"href":"https:\/\/blog.egophobia.ro\/index.php?rest_route=\/wp\/v2\/users\/1"}],"replies":[{"embeddable":true,"href":"https:\/\/blog.egophobia.ro\/index.php?rest_route=%2Fwp%2Fv2%2Fcomments&post=294"}],"version-history":[{"count":0,"href":"https:\/\/blog.egophobia.ro\/index.php?rest_route=\/wp\/v2\/posts\/294\/revisions"}],"wp:attachment":[{"href":"https:\/\/blog.egophobia.ro\/index.php?rest_route=%2Fwp%2Fv2%2Fmedia&parent=294"}],"wp:term":[{"taxonomy":"category","embeddable":true,"href":"https:\/\/blog.egophobia.ro\/index.php?rest_route=%2Fwp%2Fv2%2Fcategories&post=294"},{"taxonomy":"post_tag","embeddable":true,"href":"https:\/\/blog.egophobia.ro\/index.php?rest_route=%2Fwp%2Fv2%2Ftags&post=294"}],"curies":[{"name":"wp","href":"https:\/\/api.w.org\/{rel}","templated":true}]}}