{"id":418,"date":"2009-02-11T15:56:06","date_gmt":"2009-02-11T13:56:06","guid":{"rendered":"http:\/\/egophobia.dap.ro\/?p=418"},"modified":"2009-02-11T15:56:06","modified_gmt":"2009-02-11T13:56:06","slug":"iliada-vs-tigrul-alb","status":"publish","type":"post","link":"https:\/\/blog.egophobia.ro\/?p=418","title":{"rendered":"Iliada vs. Tigrul alb"},"content":{"rendered":"<p class=\"MsoNormal\" style=\"margin: 0mm 0mm 0pt;\"><span style=\"font-size: 10pt; font-family: Arial;\" lang=\"RO\">Suntem \u00eeneca\u0163i \u00een pove\u015fti.<\/span><\/p>\n<p class=\"MsoNormal\" style=\"margin: 0mm 0mm 0pt;\"><span style=\"font-size: 10pt; font-family: Arial;\" lang=\"RO\">Ce spunea Genette despre ele? Bine\u00een\u0163eles c\u0103 trebuie s\u0103 \u015fti\u0163i. Altfel nici nu se poate. \u015ei dac\u0103 \u015fti\u0163i, cum e \u015fi firesc, \u015fi dac\u0103 nu \u015fti\u0163i, cum nu prea ar fi normal, tot eu s\u0103 \u015ftiu \u015fi dac\u0103 voi \u015fti\u0163i sau nu chiar ar fi ultima pic\u0103tur\u0103 din paharul \u00eenecului.<\/span><\/p>\n<p><!--more--><\/p>\n<p class=\"MsoNormal\" style=\"margin: 0mm 0mm 0pt;\"><span style=\"font-size: 10pt; font-family: Arial;\" lang=\"RO\">S\u0103 lu\u0103m, oarecum la \u00eent\u00e2mplare, dou\u0103 pove\u015fti. Una a fost istorisit\u0103 c\u00e2nd \u00eenc\u0103 paharul \u00eenecului era aproape gol, iar cealalt\u0103 a fost istorisit\u0103 chiar de pe una dintre marginile lichide ale ultimei pic\u0103turi din paharul \u00eenecului.<\/span><\/p>\n<p class=\"MsoNormal\" style=\"margin: 0mm 0mm 0pt;\"><span style=\"font-size: 10pt; font-family: Arial;\" lang=\"RO\">Ambele s-au n\u0103scut \u00een est \u015fi, totu\u015fi, am\u00e2ndou\u0103 au devenit occidentale. Una \u2013 prin istorie \u015fi prin tradi\u0163ie. Cealalt\u0103 \u2013 prin limb\u0103 \u015fi prin mod\u0103.<\/span><\/p>\n<p class=\"MsoNormal\" style=\"margin: 0mm 0mm 0pt;\"><span style=\"font-size: 10pt; font-family: Arial;\" lang=\"RO\">Acum, nu \u015ftiu dac\u0103, \u00een cazul primei pove\u015fti, ceea ce este tradi\u0163ie a debutat ca mod\u0103. La fel, nu \u015ftiu nici dac\u0103, \u00een cazul celei de-a doua pove\u015fti, ceea ce este mod\u0103 se va transforma \u00een tradi\u0163ie. Unele pove\u015fti, \u00eenrudite cu a doua, \u00eens\u0103 pu\u0163in mai vechi dec\u00e2t ea, orientale \u015fi, totu\u015fi, occidentale prin limb\u0103, ne-ar putea face s\u0103 credem c\u0103 moda, prin care pove\u015ftile respective sunt, totu\u015fi, occidentale, s-ar putea transforma \u015fi \u00een tradi\u0163ie.<\/span><\/p>\n<p class=\"MsoNormal\" style=\"margin: 0mm 0mm 0pt;\"><span style=\"font-size: 10pt; font-family: Arial;\" lang=\"RO\">Dar s\u0103 nu devenim profe\u0163i. Asta nu ar face dec\u00e2t s\u0103 ne transforme \u00eentr-o ma\u015fin\u0103 automat\u0103 de produs pove\u015fti, ceea ce \u00eenseamn\u0103, silogistic, c\u0103 ne-am transforma \u00eentr-o ma\u015fin\u0103 automat\u0103 de produs \u00eenecuri.<\/span><\/p>\n<p class=\"MsoNormal\" style=\"margin: 0mm 0mm 0pt;\"><span style=\"font-size: 10pt; font-family: Arial;\" lang=\"RO\">S\u0103 v\u0103 las oare pe voi s\u0103 ghici\u0163i care sunt cele dou\u0103 pove\u015fti care s-ar putea concentra \u00een ultima pic\u0103tur\u0103 din paharul \u00eenecului?<\/span><\/p>\n<p class=\"MsoNormal\" style=\"margin: 0mm 0mm 0pt;\"><span style=\"font-size: 10pt; font-family: Arial;\" lang=\"RO\">Sau s\u0103 v\u0103 las pe uscat, departe de orice ap\u0103 bachelardian\u0103?<\/span><\/p>\n<p class=\"MsoNormal\" style=\"margin: 0mm 0mm 0pt;\"><span style=\"font-size: 10pt; font-family: Arial;\" lang=\"RO\">Greu de spus.<\/span><\/p>\n<p class=\"MsoNormal\" style=\"margin: 0mm 0mm 0pt;\"><span style=\"font-size: 10pt; font-family: Arial;\" lang=\"RO\">Dac\u0103 v-a\u015f l\u0103sa s\u0103 v\u0103 \u00eeneca\u0163i, a\u015fa e c\u0103 asta ar fi o poveste mai degrab\u0103 ca prima poveste la care m-am referit?<\/span><\/p>\n<p class=\"MsoNormal\" style=\"margin: 0mm 0mm 0pt;\"><span style=\"font-size: 10pt; font-family: Arial;\" lang=\"RO\">Dac\u0103, \u00een schimb, v-a\u015f l\u0103sa pe uscat, a\u015fa e c\u0103 asta ar fi o poveste mai degrab\u0103 ca a doua poveste la care m-am referit?<\/span><\/p>\n<p class=\"MsoNormal\" style=\"margin: 0mm 0mm 0pt;\"><span style=\"font-size: 10pt; font-family: Arial;\" lang=\"RO\">De dragul simetriei, chiar a\u0163i fi tenta\u0163i s\u0103 crede\u0163i astfel \u2013 \u015ftiu asta. \u00cens\u0103 nu a\u015fa stau lucrurile fiindc\u0103 simetria este \u015fi ea tot o poveste. Nu \u015ftiu dac\u0103 genettian\u0103 sau bachelardian\u0103. Poate c\u0103 niciuna, nici alta. Poate c\u0103 am\u00e2ndou\u0103.<\/span><\/p>\n<p class=\"MsoNormal\" style=\"margin: 0mm 0mm 0pt;\"><span style=\"font-size: 10pt; font-family: Arial;\" lang=\"RO\">Dar am uitat s\u0103 v\u0103 spun un lucru extrem de important<\/span><span style=\"font-size: 10pt; font-family: Arial; mso-ansi-language: EN-US;\" lang=\"EN-US\">: <\/span><span style=\"font-size: 10pt; font-family: Arial;\" lang=\"RO\">ambele pove\u015fti sunt despre omor. C\u00e2nd el e colectiv, se nume\u015fte r\u0103zboi, e ceva eroic \u015fi e subiectul primei pove\u015fti. C\u00e2nd el e individual, se nume\u015fte, simplu, crim\u0103, e ceva prozaic \u015fi e subiectul celei de-a doua pove\u015fti.<\/span><\/p>\n<p class=\"MsoNormal\" style=\"margin: 0mm 0mm 0pt;\"><span style=\"font-size: 10pt; font-family: Arial;\" lang=\"RO\">V-am dat deja mai mult dec\u00e2t v\u0103 trebuie pentru a ghici la ce pove\u015fti m\u0103 refer. Deci a\u0163i ghicit? Cam general, nu? S\u0103 nu v\u0103 surprind\u0103 concluzia asta<\/span><span style=\"font-size: 10pt; font-family: Arial; mso-ansi-language: EN-US;\" lang=\"EN-US\">:<\/span><span style=\"font-size: 10pt; font-family: Arial;\" lang=\"RO\"> a\u015fa sunt toate pove\u015ftile, cam generale. Dac\u0103 n-ar fi oamenii, unici, prin care ele exist\u0103, nici nu le-am putea deosebi unele de altele. <\/span><\/p>\n<p class=\"MsoNormal\" style=\"margin: 0mm 0mm 0pt;\"><span style=\"font-size: 10pt; font-family: Arial;\" lang=\"RO\">S\u0103 v\u0103 mai dau, totu\u015fi, un indiciu \u2013 a\u015fa sper s\u0103 pute\u0163i ghici la ce pove\u015fti m\u0103 refer. \u00cen prima poveste, oamenii mor eroic. \u00cen a doua poveste, un om moare prozaic.<\/span><\/p>\n<p class=\"MsoNormal\" style=\"margin: 0mm 0mm 0pt;\"><span style=\"font-size: 10pt; font-family: Arial;\" lang=\"RO\">Tot cam general, nu? A\u015fa sunt pove\u015ftile, de la \u00eenceput \u015fi p\u00e2n\u0103 la sf\u00e2r\u015fit: cam generale.<\/span><\/p>\n<p class=\"MsoNormal\" style=\"margin: 0mm 0mm 0pt;\"><span style=\"font-size: 10pt; font-family: Arial;\" lang=\"RO\">Fie atunci<\/span><span style=\"font-size: 10pt; font-family: Arial; mso-ansi-language: EN-US;\" lang=\"EN-US\">:<\/span><span style=\"font-size: 10pt; font-family: Arial;\" lang=\"RO\"> un ultim indiciu. Dup\u0103 ce vi-l dau, eu m\u0103 retrag din povestea celor dou\u0103 pove\u015fti, chiar dac\u0103 e a mea. \u00cen prima poveste, oamenii mor \u015fi, a\u015f ad\u0103uga, se duc pe capete, din cauza dragostei egoiste a unui b\u0103rbat pentru o femeie. \u00cen a doua poveste, un b\u0103rbat e omor\u00e2t de un alt b\u0103rbat din cauza dragostei \u2013 la fel de egoist\u0103 \u2013 pentru libertate \u015fi pentru bani. \u00cen ambele pove\u015fti, moartea este adus\u0103 \u00een cadru, cum se spune \u00een cinematografie, de dragostea uman\u0103 pentru tot felul de lucruri la fel de umane.<\/span><\/p>\n<p class=\"MsoNormal\" style=\"margin: 0mm 0mm 0pt;\"><span style=\"font-size: 10pt; font-family: Arial;\" lang=\"RO\">Dac\u0103 tot n-am reu\u015fit s\u0103 v\u0103 fac s\u0103 ghici\u0163i despre ce pove\u015fti am scris aici, \u00eenseamn\u0103 fie c\u0103 am uitat s\u0103 trec titlul pove\u015ftii mele despre ele, fie c\u0103 pove\u015ftile sunt cu adev\u0103rat mult prea generale.<\/span><\/p>\n<p class=\"MsoNormal\" style=\"margin: 0mm 0mm 0pt;\"><span style=\"font-size: 10pt; font-family: Arial;\" lang=\"RO\">\u00a0<\/span><\/p>\n<p class=\"MsoNormal\" style=\"margin: 0mm 0mm 0pt;\"><span style=\"font-size: 10pt; font-family: Arial;\" lang=\"RO\">Epilog epifanic<\/span><span style=\"font-size: 10pt; font-family: Arial; mso-ansi-language: EN-US;\" lang=\"EN-US\">: <\/span><span style=\"font-size: 10pt; font-family: Arial;\" lang=\"RO\">\u015fi moartea chiar dragostea o aduce \u00een via\u0163a noastr\u0103?<\/span><\/p>\n<p><span style=\"font-size: 10pt; font-family: Arial; mso-fareast-font-family: 'Times New Roman'; mso-ansi-language: RO; mso-fareast-language: RO; mso-bidi-language: AR-SA;\" lang=\"RO\">S\u0103 l\u0103muresc \u015fi problema asta ar \u00eensemna s\u0103 m\u0103 \u00eenec \u00een chiar propria mea poveste despre pove\u015ftile \u00een care ne \u00eenec\u0103m oricum cu to\u0163ii \u015fi nu mai pot fiindc\u0103 m\u0103 aflu deja peste marginile paharului \u00eenecului, \u00eenecat, \u015fi el, \u00een pove\u015fti.<\/span><\/p>\n","protected":false},"excerpt":{"rendered":"<p>Suntem \u00eeneca\u0163i \u00een pove\u015fti. Ce spunea Genette despre ele? Bine\u00een\u0163eles c\u0103 trebuie s\u0103 \u015fti\u0163i. Altfel nici nu se poate. \u015ei dac\u0103 \u015fti\u0163i, cum e \u015fi firesc, \u015fi dac\u0103 nu \u015fti\u0163i, cum nu prea ar fi normal, tot eu s\u0103 \u015ftiu \u015fi dac\u0103 voi \u015fti\u0163i sau nu chiar ar fi ultima pic\u0103tur\u0103 din paharul \u00eenecului.<\/p>\n","protected":false},"author":4,"featured_media":0,"comment_status":"closed","ping_status":"open","sticky":false,"template":"","format":"standard","meta":{"_jetpack_memberships_contains_paid_content":false,"footnotes":"","jetpack_publicize_message":"","jetpack_publicize_feature_enabled":true,"jetpack_social_post_already_shared":false,"jetpack_social_options":{"image_generator_settings":{"template":"highway","default_image_id":0,"font":"","enabled":false},"version":2}},"categories":[295],"tags":[719,196],"class_list":["post-418","post","type-post","status-publish","format-standard","hentry","category-jurnal-eidotomic","tag-jurnal-eidotomic","tag-patrick-calinescu"],"jetpack_publicize_connections":[],"jetpack_featured_media_url":"","jetpack_sharing_enabled":true,"_links":{"self":[{"href":"https:\/\/blog.egophobia.ro\/index.php?rest_route=\/wp\/v2\/posts\/418","targetHints":{"allow":["GET"]}}],"collection":[{"href":"https:\/\/blog.egophobia.ro\/index.php?rest_route=\/wp\/v2\/posts"}],"about":[{"href":"https:\/\/blog.egophobia.ro\/index.php?rest_route=\/wp\/v2\/types\/post"}],"author":[{"embeddable":true,"href":"https:\/\/blog.egophobia.ro\/index.php?rest_route=\/wp\/v2\/users\/4"}],"replies":[{"embeddable":true,"href":"https:\/\/blog.egophobia.ro\/index.php?rest_route=%2Fwp%2Fv2%2Fcomments&post=418"}],"version-history":[{"count":0,"href":"https:\/\/blog.egophobia.ro\/index.php?rest_route=\/wp\/v2\/posts\/418\/revisions"}],"wp:attachment":[{"href":"https:\/\/blog.egophobia.ro\/index.php?rest_route=%2Fwp%2Fv2%2Fmedia&parent=418"}],"wp:term":[{"taxonomy":"category","embeddable":true,"href":"https:\/\/blog.egophobia.ro\/index.php?rest_route=%2Fwp%2Fv2%2Fcategories&post=418"},{"taxonomy":"post_tag","embeddable":true,"href":"https:\/\/blog.egophobia.ro\/index.php?rest_route=%2Fwp%2Fv2%2Ftags&post=418"}],"curies":[{"name":"wp","href":"https:\/\/api.w.org\/{rel}","templated":true}]}}