{"id":470,"date":"2009-04-03T17:16:23","date_gmt":"2009-04-03T15:16:23","guid":{"rendered":"http:\/\/egophobia.dap.ro\/?p=470"},"modified":"2009-04-03T17:16:23","modified_gmt":"2009-04-03T15:16:23","slug":"zilele-monica-lovinescu-editia-a-ii-a","status":"publish","type":"post","link":"https:\/\/blog.egophobia.ro\/?p=470","title":{"rendered":"Zilele Monica Lovinescu Edi\u0163ia a II-a"},"content":{"rendered":"<p>am primit la redactie:<\/p>\n<blockquote><p>\nPROGRAMUL\u00a0 CULTURAL:<\/p>\n<p>1. Zilele Monica Lovinescu Edi\u0163ia a II-a.<\/p>\n<p>2. Premiul Na\u0163ional\u00a0 2009 Monica Lovinescu \u015fi Virgil Ierunca 2009 oferit de Consiliul Jude\u0163ean Suceava.<br \/>\n<!--more--><br \/>\n\u2026\u2026\u2026\u2026\u2026\u2026\u2026\u2026\u2026\u2026\u2026\u2026\u2026\u2026\u2026\u2026\u2026.<\/p>\n<p>Data desf\u0103\u015fur\u0103rii: 20-21 aprilie, 2009, la Suceava \u015fi F\u0103lticeni<\/p>\n<p>\u00a0<\/p>\n<p>\u00a0<\/p>\n<p>\u00a0<\/p>\n<p>REPERE DIN PROGRAM:<\/p>\n<p>\u00a0<\/p>\n<p>\u00a0<\/p>\n<p>&#8211;\u00a0\u00a0\u00a0\u00a0\u00a0\u00a0\u00a0 I. Instituirea Premiului :<\/p>\n<p>Premiul Na\u0163ional anual &#8222;Monica Lovinescu \u015fi Virgil Ierunca&#8221; pentru anul 2009<\/p>\n<p>\u00a0<\/p>\n<p>\u00a0<\/p>\n<p>Pre\u015fedintele Consiliului \u00a0Jude\u0163ean Suceava, domnul Gheorghe Flutur, a aprobat la Suceava \u00een luna martie instituirea Premiului Na\u0163ional anual &#8222;Monica Lovinescu \u015fi Virgil Ierunca&#8221;, precum \u015fi decernarea acestui premiu pentru anul 2009 \u00eentre 20-21 aprilie, la Suceava, \u00een cadrul Zilelor Monica Lovinescu, Edi\u0163ia a II-a. Este, aceasta, \u00eenc\u0103 o dovad\u0103 a aprecierii \u00eenalte pe care administra\u0163ia sucevean\u0103 \u015fi personal domnul pre\u015fedinte Gheorghe Flutur , o acord\u0103 valorilor reale ale culturii rom\u00e2ne\u015fti. Aceast\u0103 apreciere se \u00eenscrie \u00eentre gesturile de merit cultural de excep\u0163ie legate de recuperarea \u015fi cunoa\u015fterea mai profund\u0103 a celor doi disp\u0103ru\u0163i: merit\u0103 amintit aici efortul Editurii Humanitas, condus\u0103 de domnul Gabriel Liiceanu, de a fi editat pentru rom\u00e2ni, \u00een ultimii dou\u0103zeci de ani, opera integral\u0103 a Monic\u0103i Lovinescu; nu trebuie uitate eforturile ICR \u015fi ale domnului Vladimir Tism\u0103neanu de a sprijini activitatea de cercetare, de recuperare \u015fi de restituire a operei precum \u015fi de reevaluare a importan\u0163ei Monic\u0103i Lovinescu. La toate acestea se adaug\u0103 eforturile publica\u0163iilor ce au editat consecvent texte monicalovinesciene, critic\u0103 \u015fi istorie literar\u0103 monicalovinescian\u0103: Rom\u00e2nia Literar\u0103, Vatra, Hyperion, Orizont, Convorbiri literare, Steaua, Poesis, Familia, Oglinda Literar\u0103, Romanian Times, Via\u0163a Rom\u00e2neasc\u0103 etc.<\/p>\n<p>La 20 aprilie se \u00eempline\u015fte un an de la trecerea \u00een eternitate a Monic\u0103i Lovinescu, moment c\u00e2nd se va organiza o comemorare la Cimitirul T\u00e2mpe\u015fti (Gr\u0103dini) din F\u0103lticeni, la cripta Lovine\u015ftilor, unde repauzeaz\u0103, \u00eencep\u00e2nd cu luna mai 2008, so\u0163ii Monica Lovinescu \u015fi Virgil Ierunca.<\/p>\n<p>\u00cen vederea decern\u0103rii Premiului Na\u0163ional, s-a desemnat un Juriu Na\u0163ional al anului 2009 pentru acordarea Premiului Na\u0163ional &#8222;Monica Lovinescu \u015fi Virgil Ierunca&#8221; 2009. Drept semn al recunoa\u015fterii importan\u0163ei operei critice, filosofice \u015fi de idei l\u0103sat\u0103 de Monica Lovinescu \u015fi Virgil\u00a0 Ierunca, juriul na\u0163ional este format din personalit\u0103\u0163ile cele mai reprezentative din domeniul culturii \u015fi al intelectualilor de atitudine.<\/p>\n<p>Importan\u0163a evenimentului: &#8230;&#8230;&#8230;&#8230;&#8230;&#8230;&#8230;&#8230;&#8230;&#8230;&#8230;&#8230;&#8230;&#8230;&#8230;&#8230;&#8230;&#8230;&#8230;&#8230;&#8230;&#8230;&#8230;&#8230;&#8230;&#8230;&#8230;&#8230;&#8230;&#8230;&#8230;<\/p>\n<p>Zilele Monica Lovinescu vor men\u0163ine vie memoria \u00a0uneia dintre personalit\u0103\u0163ile rom\u00e2ne ilustre, de nivel european, ce a marcat \u00een mod decisiv prin atitudinea \u015fi activitatea sa istoria \u015fi evolu\u0163ia Rom\u00e2niei sub totalitarism.<\/p>\n<p>\u00a0<\/p>\n<p>\u00a0Organizarea acestor zilelor la Suceava \u015fi F\u0103lticeni nu este \u00eent\u00e2mpl\u0103toare. Pe de o parte,\u00a0 este vorba despre respect \u015fi despre recunoa\u015fterea valorii reprezentate de Monica Lovinescu \u015fi Virgil Ierunca. Pe de alt\u0103 parte, intr\u0103 \u00een joc opera de administrare local\u0103 a acestui tezaur uman viu (revenit \u00een patria mam\u0103 abia dup\u0103 stingerea din via\u0163\u0103 a celor doi so\u0163i, din p\u0103cate), dar \u015fi efortul de perpetuare \u00een cultura \u015fi educa\u0163ia rom\u00e2neasc\u0103 a numelui lor, a operei lor,\u00a0 precum \u015fi a drumului deschis de ace\u015ftia.<\/p>\n<p>\u00a0<\/p>\n<p>Premiul Na\u0163ional &#8222;Monica Lovinescu \u015fi Virgil Ierunca&#8221; va consacra \u00een viitor excelen\u0163a operei \u015fi vie\u0163ii a doi dintre cei mai celebri disiden\u0163i, oameni de cultur\u0103 \u015fi intelectuali publici de elit\u0103 ai Rom\u00e2niei.<\/p>\n<p>\u00a0<\/p>\n<p>Ambele evenimente, Zilele Monica Lovinescu \u015fi\u00a0 Premiul &#8222;Monica Lovinescu \u015fi Virgil Ierunca&#8221;, \u00a0duc mai departe modelul de intelectual public angajat \u00een ap\u0103rarea valorilor liberal-democrate\u00a0 antitotalitare, de lupt\u0103tor pentru drepturile omului \u015fi cet\u0103\u0163eanului, de critic literar \u015fi artistic ce a\u015feaz\u0103 \u00een centrul judec\u0103\u0163ii sale dominanta est-etic\u0103. \u00a0Procesele de restituire a adev\u0103rurilor istoriei recente a Rom\u00e2niei \u015fi de condamnare a totalitarismului bol\u015fevic din Estul Europei se afl\u0103 abia la \u00eenceputuri, dar ele trebuie s\u0103 se hr\u0103neasc\u0103 \u00a0\u015fi \u00een viitor din discursul public al intelectualilor angaja\u0163i de m\u00e2ine, pentru a c\u0103ror identificare \u015fi formare modelul Monica Lovinescu \u015fi Virgil Ierunca este obligatoriu.<\/p>\n<p>\u00a0<\/p>\n<p>\u00a0<\/p>\n<p>\u00a0<\/p>\n<p>\u00a0<\/p>\n<p>\u00a0<\/p>\n<p>\u00a0Ponderea Zilelor Monica Lovinescu 2009, Editia a II-a, va fi dat\u0103 mai ales de:\u00a0 a)\u00a0 instituirea \u015fi decernarea Premiului Na\u0163ional Monica Lovinescu \u015fi Virgil Ierunca, precum \u015fi:\u00a0 b) de capitalul de imagine democrat\u0103 \u015fi de politici culturale\u00a0 europene moderne conferite\u00a0 de o bun\u0103\u00a0 comunicare \u00eentre partenerii culturali c\u00e2t \u015fi de o mediatizare important\u0103.<\/p>\n<p>Scopul proiectului nostru este acela de a men\u0163ine vii memoria \u015fi modelul marilor disp\u0103ru\u0163i\u00a0 Monica Lovinescu \u015fi Virgil Ierunca (\u015fi cu at\u00e2t mai mult cu c\u00e2t ei fac parte acum din tezaurul rom\u00e2nesc uman ad\u0103postit de jude\u0163ul Suceava), c\u00e2t \u015fi interesul public pentru opera \u015fi ideile lor, devenite din nou c\u00e2t se poate de actuale datorit\u0103 caracterului lor universal : \u00een\u00a0 vremuri de cea\u0163\u0103 \u015fi dictatur\u0103, c\u00e2nd democra\u0163ia\u00a0 este amenin\u0163at\u0103, intelectualul public \u015fi scriitorul nu se pot izola la marginea societ\u0103\u0163ii a\u015ftept\u00e2nd s\u0103 li se a\u015feze \u00eengerul\u00a0 pe um\u0103r, \u00een timp ce civiliza\u0163ia\u00a0lor este amenin\u0163at\u0103\u00a0 sau chiar distrus\u0103. Fragila civiliza\u0163ie democrat\u0103\u00a0 rom\u00e2neasc\u0103\u00a0 va avea \u00eentotdeauna nevoie de\u00a0 modelele reprezentate de Monica Lovinescu \u015fi Virgil Ierunca.<\/p>\n<p>\u00a0<\/p>\n<p>\u00a0<\/p>\n<p>\u00a0<\/p>\n<p>\u00a0<\/p>\n<p>\u00a0<\/p>\n<p>\u00a0<\/p>\n<p>\u00a0<\/p>\n<p>\u00a0<\/p>\n<p>&#8211;\u00a0\u00a0\u00a0\u00a0\u00a0\u00a0\u00a0\u00a0 II. Luni, 20 martie, la Cimitirul din F\u0103lticeni, comemorarea a un an de la trecerea \u00een nefiin\u0163\u0103 a Monic\u0103i Lovinescu Fiind a doua zi dup\u0103 Pa\u015fti, ceremonia religioas\u0103 va avea loc la ora 11, c\u00e2nd se termin\u0103 slujba pascal\u0103.<\/p>\n<p>&#8211;\u00a0\u00a0\u00a0\u00a0\u00a0\u00a0\u00a0\u00a0 Ora 12.30, la Galeria Oamenilor de Seam\u0103 F\u0103lticeni: colocviul \u201eUn an f\u0103r\u0103 Monica Lovinescu\u201d.\u00a0 Vor participa prestigio\u015fi oameni de cultur\u0103, din educa\u0163ie\u00a0 \u015fi din administra\u0163ie, politicieni \u015fi media.<\/p>\n<p>\u00a0<\/p>\n<p>\u00a0<\/p>\n<p>&#8211;\u00a0\u00a0\u00a0\u00a0\u00a0\u00a0\u00a0 III. Mar\u0163i, 21 martie: conferin\u0163a domnului Gheorghe Grigurcu.<\/p>\n<p>&#8211;\u00a0\u00a0\u00a0\u00a0\u00a0\u00a0\u00a0\u00a0 Ora 12, Biblioteca Bucovinei, Suceava, conferin\u0163a domnului Gheorghe Grigurcu.<\/p>\n<p>&#8211;\u00a0\u00a0\u00a0\u00a0\u00a0\u00a0\u00a0\u00a0 Vernisajul expozi\u0163iei de carte \u015fi documente \u201eMonica Lovinescu \u2013 Din nou acas\u0103\u201d.<\/p>\n<p>&#8211;\u00a0\u00a0\u00a0\u00a0\u00a0\u00a0\u00a0\u00a0 Vor participa prestigio\u015fi oameni de cultur\u0103, din educa\u0163ie\u00a0 \u015fi din administra\u0163ie, politicieni, societate civil\u0103 \u015fi media.<\/p>\n<p>\u00a0<\/p>\n<p>\u00a0<\/p>\n<p>Acest program\u00a0 de punere \u00een prezent a operei Monic\u0103i Lovinescu \u015fi a lui Virgil Ierunca, recupereaz\u0103 un fragment din\u00a0 memoria con\u015ftiin\u0163ei rom\u00e2ne\u015fti libere de dictatur\u0103, restituind culturii noastre r\u0103d\u0103cinile ei indestructibile.<\/p>\n<p>\u00a0<\/p>\n<p>\u00a0<\/p>\n<p>Autoare Proiect:<br \/>\nAngela Furtun\u0103<br \/>\n\u00a0<\/p>\n<p>Scriitoare, publicist\u0103, membr\u0103 a Uniunii Scriitorilor din Rom\u00e2nia<\/p>\n<p>Coordonatoarea proiectului Zilele Monica Lovinescu 2009<\/p>\n<p>Coordonatoarea decern\u0103rii Premiului Na\u0163ional anual Monica Lovinescu \u015fi Virgil Ierunca 2009<br \/>\n&#8211;<br \/>\nAngela Furtuna<br \/>\nangela.furtuna@gmail.com<br \/>\nangela_furtuna@yahoo.com<br \/>\n# comunicatul in format <a href=\"http:\/\/www.fileden.com\/files\/2008\/3\/18\/1822051\/blog\/comunicat%201%20zilele%20monica%20lovinescu%20si%20premiul%20national%20monica%20lovinescu%20si%20virgil%20ierunca.doc\">doc<\/a>\n<\/p><\/blockquote>\n","protected":false},"excerpt":{"rendered":"<p>am primit la redactie: PROGRAMUL\u00a0 CULTURAL: 1. Zilele Monica Lovinescu Edi\u0163ia a II-a. 2. Premiul Na\u0163ional\u00a0 2009 Monica Lovinescu \u015fi Virgil Ierunca 2009 oferit de Consiliul Jude\u0163ean Suceava.<\/p>\n","protected":false},"author":1,"featured_media":0,"comment_status":"open","ping_status":"open","sticky":false,"template":"","format":"standard","meta":{"_jetpack_memberships_contains_paid_content":false,"footnotes":"","jetpack_publicize_message":"","jetpack_publicize_feature_enabled":true,"jetpack_social_post_already_shared":false,"jetpack_social_options":{"image_generator_settings":{"template":"highway","default_image_id":0,"font":"","enabled":false},"version":2}},"categories":[4],"tags":[39,180,215,292],"class_list":["post-470","post","type-post","status-publish","format-standard","hentry","category-anunturi-culturale","tag-aniversari","tag-monica-lovinescu","tag-premii","tag-virgil-ierunca"],"jetpack_publicize_connections":[],"jetpack_featured_media_url":"","jetpack_sharing_enabled":true,"_links":{"self":[{"href":"https:\/\/blog.egophobia.ro\/index.php?rest_route=\/wp\/v2\/posts\/470","targetHints":{"allow":["GET"]}}],"collection":[{"href":"https:\/\/blog.egophobia.ro\/index.php?rest_route=\/wp\/v2\/posts"}],"about":[{"href":"https:\/\/blog.egophobia.ro\/index.php?rest_route=\/wp\/v2\/types\/post"}],"author":[{"embeddable":true,"href":"https:\/\/blog.egophobia.ro\/index.php?rest_route=\/wp\/v2\/users\/1"}],"replies":[{"embeddable":true,"href":"https:\/\/blog.egophobia.ro\/index.php?rest_route=%2Fwp%2Fv2%2Fcomments&post=470"}],"version-history":[{"count":0,"href":"https:\/\/blog.egophobia.ro\/index.php?rest_route=\/wp\/v2\/posts\/470\/revisions"}],"wp:attachment":[{"href":"https:\/\/blog.egophobia.ro\/index.php?rest_route=%2Fwp%2Fv2%2Fmedia&parent=470"}],"wp:term":[{"taxonomy":"category","embeddable":true,"href":"https:\/\/blog.egophobia.ro\/index.php?rest_route=%2Fwp%2Fv2%2Fcategories&post=470"},{"taxonomy":"post_tag","embeddable":true,"href":"https:\/\/blog.egophobia.ro\/index.php?rest_route=%2Fwp%2Fv2%2Ftags&post=470"}],"curies":[{"name":"wp","href":"https:\/\/api.w.org\/{rel}","templated":true}]}}