{"id":52,"date":"2008-03-11T09:47:40","date_gmt":"2008-03-11T14:47:40","guid":{"rendered":"http:\/\/egophobia.dap.ro\/?p=52"},"modified":"2008-03-11T09:47:40","modified_gmt":"2008-03-11T14:47:40","slug":"articol-din-egophobia-17-2","status":"publish","type":"post","link":"https:\/\/blog.egophobia.ro\/?p=52","title":{"rendered":"articol din EgoPHobia #17"},"content":{"rendered":"<p align=\"left\"><strong>Nihilismul \u00eenarmat: anifestul lui  Pekka Eric Auvinen<\/strong><\/p>\n<p align=\"right\"><em>de \u015etefan Bolea <\/em><\/p>\n<p align=\"right\"><em>[traducere din englez\u0103 de Aida Mihai]<\/em><\/p>\n<p align=\"justify\">Pe 7 noiembrie 2007, Pekka Eric Auvinen a mitraliat 8 persoane la liceul Jokela \u00een Finlanda. Dup\u0103 aceast\u0103 ac\u0163iune, autorul masacrului s-a al\u0103turat \u015fi el celor 8, \u00eempu\u015fc\u00e2ndu-se \u00een cap. \u00cen toat\u0103 lumea cazul a cunoscut amploare media, informa\u0163ii despre autorul crimelor put\u00e2nd fi g\u0103site pe mai multe bloguri. Diferen\u0163a principal\u0103 dintre Eric \u015fi ceilal\u0163i criminali \u00een mas\u0103 const\u0103 \u00een faptul c\u0103 uciga\u015ful finlandez pare a fi inspirat de principiile c\u0103l\u0103uzitoare ale practicii nihilismului, care trimite la doctrina ruseasc\u0103 originar\u0103 din secolul al XIX-lea, \u00een care nihilismul \u015fi terorismul\u00a0 se \u00eengem\u0103nau.\u00a0 Eric a c\u00e2\u015ftigat aten\u0163ia \u015fi faima dup\u0103 care a t\u00e2njit &#8211; i-am v\u0103zut &#8222;Manifestul&#8221; pe c\u00e2teva forumuri dar \u00eentotdeauna reac\u0163ia general\u0103 era: &#8222;nu vrem s\u0103 \u00eel citim &#8211; ar trebui s\u0103 \u00eel ignor\u0103m &#8211; este nebun.&#8221;. Ignoran\u0163a d\u0103 na\u015ftere numai fricii \u015fi repeti\u0163iei. Dac\u0103 am ignora <em>Mein Kampf<\/em>, <em>Manifestul lui Marx,<\/em> <em>Biblia  Satanic\u0103 <\/em>\u015fi a\u015fa mai departe, am fi nevoi\u0163i s\u0103 le retr\u0103im \u00een lumea noastr\u0103<strong>. <\/strong>Dimpotriv\u0103, ar trebui s\u0103 le studiem pentru a \u00een\u0163elege natura r\u0103ului \u015fi pentru a ne asigura c\u0103 ele nu au un rol activ \u00een via\u0163a noastr\u0103 de zi cu zi. Dac\u0103 cuvintele lui Eric ar fi cenzurate \u015fi trecute sub t\u0103cere, s-ar ivi al\u0163i c\u00e2\u0163iva &#8222;Erici&#8221;, zguduind temeliile societ\u0103\u0163ii noastre, pentru c\u0103 sistemul care l-a creat pe uciga\u015ful Jokela nu se va schimba, produc\u00e2nd alte simulacre ale r\u0103ului absolut.<\/p>\n<p align=\"justify\">A\u015fadar haide\u0163i s\u0103 \u00eel ascult\u0103m &#8211; s\u0103 \u00eencerc\u0103m s\u0103 \u00eel \u00een\u0163elegem &#8211; s\u0103 \u00eel analiz\u0103m p\u00e2n\u0103 c\u00e2nd devine ceea ce este de fapt, nu o vedet\u0103, nu &#8222;tricoul lunii&#8221; a\u015fa cum spunea un personaj din\u00a0 Se7en,\u00a0 ci un t\u00e2n\u0103r inteligent \u015fi idealist, probabil deprimat \u015fi naiv, ale c\u0103rui ac\u0163iuni \u015fi libertate l-au transformat \u00eentr-un monstru, \u015fi a c\u0103rui hot\u0103r\u00e2re l-a transformat pe el \u015fi pe colegii s\u0103i \u00een victime.<\/p>\n<p align=\"justify\"><em>Oamenii retarda\u0163i \u015fi abrutiza\u0163i, labili psihic, se reproduc mai mult \u015fi mai repede dec\u00e2t cei inteligen\u0163i \u015fi echilibra\u0163i. Legile protejeaz\u0103 majoritatea retardat\u0103 care selec\u0163ioneaz\u0103 liderii societ\u0103\u0163ii. <\/em><\/p>\n<p align=\"justify\">Avem de-a face cu acela\u015fi principiu sociologic prezentat \u00een videoclipul <em>Evolution <\/em>al trupei Korn &#8211; nu \u015ftiu dac\u0103 este recunoscut din punct de vedere \u015ftiin\u0163ific, dar am v\u0103zut cu to\u0163ii la \u015ftiri c\u0103 oamenii s\u0103raci, needuca\u0163i, se reproduc cu o vitez\u0103 mai mare din motive diferite: lipsa m\u0103surilor contraceptive, crezurile religioase, \u015fi a\u015fa mai departe. Teama generat\u0103 de posibilitatea sc\u0103derii coeficientului de inteligen\u0163\u0103 (IQ) general este \u00eentemeiat\u0103<strong> &#8211; <\/strong>la urma urmelor suntem acapara\u0163i \u015fi nivela\u0163i de un dictat economic \u015fi dup\u0103 aceea suntem controla\u0163i de o societate a spectacolului, \u00een care canalele de televiziune ne &#8222;<em>spal\u0103\u00a0  creierele&#8221;<\/em> \u015fi ne adorm \u00een timp ce noi suntem \u00eenc\u0103 lucizi. Nu \u015ftiu dac\u0103 aceasta este numai abrutizare, dar cu siguran\u0163\u0103 este apatie, lipsa angajamentelor \u015fi absen\u0163a activit\u0103\u0163ii cerebrale. Pentru a merge mai departe, Eric descoper\u0103 dou\u0103 modalit\u0103\u0163i radicale de a ie\u015fi din &#8222;idio\u0163enia&#8221; cople\u015fitoare care ne caracterizeaz\u0103 societatea actual\u0103: dictatura \u015fi moartea general\u0103.<\/p>\n<p align=\"justify\"><em>Pentru aceast\u0103 problem\u0103 mai exist\u0103 \u015fi o alt\u0103  solu\u0163ie: oamenii abrutiza\u0163i s\u0103 fie sclavi, iar cei inteligen\u0163i s\u0103 fie liberi.  [.]<\/em><br \/>\n<em>Desigur exist\u0103 \u015fi o solu\u0163ie final\u0103: moartea  \u00eentregii rase umane.<\/em><\/p>\n<p align=\"justify\">Prima solu\u0163ie poate explica de ce masacrul a avut loc pe data de 7 noiembrie, la cea de-a 90-a aniversare de la revolu\u0163ia bol\u015fevic\u0103 &#8211; cu men\u0163iunea c\u0103 revolu\u0163ia ro\u015fie nu a avut ca rezultat o dictatur\u0103 a inteligen\u0163ei; ba din contr\u0103, elitele erau \u00een mod constant descurajate, ucise sau \u00eentemni\u0163ate. Ne putem g\u00e2ndi la romanul\u00a0 lui Aldous Huxley, <em>Brave New World<\/em>, \u00een care existau autobuze speciale pentru indivizii intelectuali superiori Alpha \u015fi altele pentru muncitorii needuca\u0163i \u015fi neinteligen\u0163i Gamma. Cel de-a doua solu\u0163ie, propus\u0103 de Philip Mainl\u00e4nder \u00een secolul al XIX-lea, nu este nou\u0103 \u00een istoria filosofiei &#8211; este o consecin\u0163\u0103 a pesimismului Schopenhauerian care imagineaz\u0103 moartea superioar\u0103 durerii\/ vie\u0163ii.<\/p>\n<p align=\"justify\"><em>Democra\u0163ie.crezi c\u0103 democra\u0163ie \u00eenseamn\u0103 libertate  \u015fi justi\u0163ie? Te \u00een\u015feli. <\/em><br \/>\n<em>Democra\u0163ia este o dictatur\u0103 a majorit\u0103\u0163ii morale.,  iar majoritatea este manipulat\u0103 \u015fi condus\u0103 de mafia statului. <\/em><\/p>\n<p align=\"justify\">Aici Eric \u00eemi aminte\u015fte de diagnosticul lui Nietzsche asupra societ\u0103\u0163ii secolului al XIX-lea, expus\u0103 \u00een &#8222;Dincolo de Bine \u015fi de R\u0103u&#8221;: &#8222;astfel, democratizarea Europei se \u00eendreapt\u0103 c\u0103tre crearea\u00a0 unui\u00a0 nou tip de individ, dispus sclaviei.&#8221;. De fapt el \u00ee\u015fi urm\u0103re\u015fte ideea<br \/>\nprimar\u0103 cum c\u0103 democra\u0163ia este un tip de dictatur\u0103 a majorit\u0103\u0163ii &#8222;idioate&#8221; care este manipulat\u0103 f\u0103r\u0103 mil\u0103 de un mic procent de Illumina\u0163i.<\/p>\n<p align=\"justify\"><em>\u00cemi vei spune probabil c\u0103 sunt &#8222;alienat&#8221;, &#8222;nebun&#8221;, &#8222;psihopat&#8221;, &#8222;criminal&#8221; sau t\u00e2mpenii de genul \u0103sta. Nu, adev\u0103rul este c\u0103 eu sunt numai un animal, un om, un individ, un dizident. <\/em><\/p>\n<p align=\"justify\">Nu a gre\u015fit aici &#8211; reac\u0163ia imediat\u0103 \u015fi pe termen lung cu privire la cazul lui const\u0103 \u00een clasificarea sa \u00een categoria celor afecta\u0163i psihic. Este un cli\u015feu trivial s\u0103 punem semnul de egalitate \u00eentre criminalitate \u015fi psihopatie, de\u015fi aceast\u0103 echivalen\u0163\u0103 nu are nici o justificare legal\u0103. Am putea spune c\u0103 este o reac\u0163ie a societ\u0103\u0163ii, c\u0103reia nu \u00eei pas\u0103 de inten\u0163iile unui criminal \u015fi care vrea s\u0103-l \u015ftearg\u0103 din memoria sa colectiv\u0103. Societatea are nevoie de siguran\u0163\u0103, pace, confort \u015fi consider\u0103 c\u0103 oricine \u00eei deranjeaz\u0103 lini\u015ftea trebuie expulzat din ea. Eric \u00eensu\u015fi\u00a0 se nume\u015fte selec\u0163ioner natural (<em>eu, ca \u015fi selec\u0163ioner natural, \u00eei voi elimina pe to\u0163i cei pe care \u00eei consider nepotrivi\u0163i, o ru\u015fine pentru rasa uman\u0103 \u015fi rata\u0163i \u00een selec\u0163ia natural\u0103) <\/em>&#8211; este evident c\u0103 societatea ca \u00eentreg, care poate fi mediocr\u0103 sau poate avea un nivel ridicat, poate fi rea \u015fi impersonal\u0103, indiferent\u0103 \u015fi apatic\u0103, este adev\u0103ratul &#8222;selec\u0163ioner artificial&#8221; care se asigur\u0103 c\u0103 Eric \u015fi al\u0163i nihili\u015fti vor deveni numai o statistic\u0103 \u015fi nimic altceva \u015fi c\u0103 vor fi \u015fter\u015fi din istorie \u015fi &#8211; mai direct &#8211; c\u0103 genele lor vor fi anulate.<\/p>\n<p align=\"justify\">Nu am \u00een inten\u0163ie s\u0103 \u00eel transform pe Eric \u00eentr-un martir sau erou \u015fi nu vreau s\u0103 insinuez c\u0103 a avut dreptate \u00een vreun fel. \u00cencerc s\u0103 argumentez c\u0103 este explicabil \u015fi de \u00een\u0163eles \u00een condi\u0163iile nihilismului contemporan. El a fost, desigur, responsabil pentru ac\u0163iunile sale \u015fi unii dintre voi pot crede c\u0103 pre\u0163ul pe care l-a pl\u0103tit &#8211; moartea &#8211; este superficial. Partea avansat\u0103 a acestui argument ar implica faptul c\u0103 aceea\u015fi societate care nu l-a \u00een\u0163eles \u015fi a \u00eencercat s\u0103 \u00eel ignore (&#8222;Nu vreau s\u0103 \u015ftiu nimic despre asta! Este nebun! Este un monstru! S\u0103-l uit\u0103m!&#8221;) va fi for\u0163at\u0103 s\u0103 \u00eenfrunte c\u00e2\u0163iva &#8222;Erici&#8221; care \u00ee\u015fi vor scrie cu s\u00e2nge Manifestul, pentru c\u0103 gloan\u0163ele \u015fi bombele sunt o form\u0103 de exprimare atunci c\u00e2nd toat\u0103 lumea este indiferent\u0103 \u015fi imun\u0103 la diferitele puncte de vedere. Teza mea este c\u0103 trebuie s\u0103 blam\u0103m societatea care crede c\u0103 conformismul atrage dup\u0103 sine siguran\u0163a, iar ignoran\u0163a este beatitudine ori de c\u00e2te ori un membru al societ\u0103\u0163ii g\u0103se\u015fte confort \u00een izolare, auto mutilare, violen\u0163\u0103 \u015fi (auto)distrugere.<\/p>\n<p align=\"justify\">&nbsp;<\/p>\n","protected":false},"excerpt":{"rendered":"<p>Nihilismul \u00eenarmat: anifestul lui Pekka Eric Auvinen de \u015etefan Bolea [traducere din englez\u0103 de Aida Mihai] Pe 7 noiembrie 2007, Pekka Eric Auvinen a mitraliat 8 persoane la liceul Jokela \u00een Finlanda. Dup\u0103 aceast\u0103 ac\u0163iune, autorul masacrului s-a al\u0103turat \u015fi el celor 8, \u00eempu\u015fc\u00e2ndu-se \u00een cap. \u00cen toat\u0103 lumea cazul a cunoscut amploare media, informa\u0163ii [&hellip;]<\/p>\n","protected":false},"author":2,"featured_media":0,"comment_status":"open","ping_status":"open","sticky":false,"template":"","format":"standard","meta":{"_jetpack_memberships_contains_paid_content":false,"footnotes":"","jetpack_publicize_message":"","jetpack_publicize_feature_enabled":true,"jetpack_social_post_already_shared":false,"jetpack_social_options":{"image_generator_settings":{"template":"highway","default_image_id":0,"font":"","enabled":false},"version":2}},"categories":[11],"tags":[],"class_list":["post-52","post","type-post","status-publish","format-standard","hentry","category-egophobia-17"],"jetpack_publicize_connections":[],"jetpack_featured_media_url":"","jetpack_sharing_enabled":true,"_links":{"self":[{"href":"https:\/\/blog.egophobia.ro\/index.php?rest_route=\/wp\/v2\/posts\/52","targetHints":{"allow":["GET"]}}],"collection":[{"href":"https:\/\/blog.egophobia.ro\/index.php?rest_route=\/wp\/v2\/posts"}],"about":[{"href":"https:\/\/blog.egophobia.ro\/index.php?rest_route=\/wp\/v2\/types\/post"}],"author":[{"embeddable":true,"href":"https:\/\/blog.egophobia.ro\/index.php?rest_route=\/wp\/v2\/users\/2"}],"replies":[{"embeddable":true,"href":"https:\/\/blog.egophobia.ro\/index.php?rest_route=%2Fwp%2Fv2%2Fcomments&post=52"}],"version-history":[{"count":0,"href":"https:\/\/blog.egophobia.ro\/index.php?rest_route=\/wp\/v2\/posts\/52\/revisions"}],"wp:attachment":[{"href":"https:\/\/blog.egophobia.ro\/index.php?rest_route=%2Fwp%2Fv2%2Fmedia&parent=52"}],"wp:term":[{"taxonomy":"category","embeddable":true,"href":"https:\/\/blog.egophobia.ro\/index.php?rest_route=%2Fwp%2Fv2%2Fcategories&post=52"},{"taxonomy":"post_tag","embeddable":true,"href":"https:\/\/blog.egophobia.ro\/index.php?rest_route=%2Fwp%2Fv2%2Ftags&post=52"}],"curies":[{"name":"wp","href":"https:\/\/api.w.org\/{rel}","templated":true}]}}