{"id":522,"date":"2009-05-14T11:28:14","date_gmt":"2009-05-14T09:28:14","guid":{"rendered":"http:\/\/egophobia.dap.ro\/?p=522"},"modified":"2009-05-14T11:28:14","modified_gmt":"2009-05-14T09:28:14","slug":"candidatul-fara-succes-matematic-e-cavalerul-tristei-figuri-politice-analiza-politico-literara","status":"publish","type":"post","link":"https:\/\/blog.egophobia.ro\/?p=522","title":{"rendered":"Candidatul F\u0103r\u0103 Succes Matematic e Cavalerul Tristei Figuri Politice (analiz\u0103 politico-literar\u0103)"},"content":{"rendered":"<p class=\"MsoNormal\" style=\"margin: 0mm 0mm 0pt;\"><span style=\"font-family: Arial; font-size: 10pt; mso-ansi-language: RO;\" lang=\"RO\">Urm\u0103resc \u015fi eu, ca toat\u0103 lumea, intrarea politicienilor, pentru europarlamentare, \u00een campania preziden\u0163ial\u0103. Urm\u0103resc \u015fi eu, a\u015fadar, aceast\u0103 campanie electoral\u0103 <em>suprapus\u0103<\/em> \u015fi <em>glisant\u0103<\/em>, ca toat\u0103 lumea, dar, spre deosebire de colegii mei telespectatori, dar \u015fi altfel dec\u00e2t anali\u015ftii politici care scriu de obicei texte de politic\u0103, mie mi-a venit o idee.<\/span><\/p>\n<p class=\"MsoNormal\" style=\"margin: 0mm 0mm 0pt;\"><span style=\"font-family: Arial; font-size: 10pt; mso-ansi-language: RO;\" lang=\"RO\">Am s-o \u00eemp\u0103rt\u0103\u015fesc cu to\u0163i; n-am s-o \u0163in numai pentru mine, \u00eens\u0103 nu \u00eenainte de a spune, dac\u0103 tot m-am apucat s\u0103 scriu o pagin\u0103 despre politic\u0103, lucru pe care nu l-am f\u0103cut niciodat\u0103 p\u00e2n\u0103 acum, ce v\u0103d eu din politica rom\u00e2neasc\u0103 \u015fi cum percep eu ce v\u0103d din ea, a\u015fa cum m\u0103 aflu, de la distan\u0163a obi\u015fnuit\u0103\u00a0a omului simplu.<\/span><\/p>\n<p><!--more--><\/p>\n<p class=\"MsoNormal\" style=\"margin: 0mm 0mm 0pt;\"><span style=\"font-family: Arial; font-size: 10pt; mso-ansi-language: RO;\" lang=\"RO\">De vreme ce actuala campanie electoral\u0103, suprapus\u0103, glisant\u0103 sau chiar normal\u0103, m-a captivat at\u00e2t de tare, \u00eenc\u00e2t m-am oprit asupra ei probabil cu singurul scop de a-mi da ideea care mi-a venit urm\u0103rind-o pe toate posturile TV, \u00eenseamn\u0103 c\u0103 are ea ceva \u00een plus, orice, fa\u0163\u0103 de celelalte din anii trecu\u0163i. Sau, dac\u0103 nu are nimic neobi\u015fnuit \u015fi e ca toate celelalte, atunci \u00eenseamn\u0103 c\u0103 s-a \u00eent\u00e2mplat ceva cu mine \u00een to\u0163i ace\u015fti ani. Oricum ar fi, e clar un singur lucru: aceast\u0103 campanie electoral\u0103, preziden\u0163ial\u0103 suprapus\u0103 pe cea europarlamentar\u0103 \u015fi europarlamentar\u0103 glisat\u0103 spre cea preziden\u0163ial\u0103, a reu\u015fit, pentru prima dat\u0103 \u00een via\u0163a mea, s\u0103 m\u0103 fac\u0103 s\u0103-i scriu c\u00e2teva r\u00e2nduri, \u015fi nu neap\u0103rat \u00eentr-o scrisoare. \u00cent\u00e2i m-a ajutat s\u0103 intru \u00eentr-o stare special\u0103, apoi chiar a\u015f spune c\u0103 mi-a dat p\u00e2n\u0103 \u015fi cuvintele pe care s\u0103 le a\u015fez \u00een r\u00e2ndurile despre ea.<\/span><\/p>\n<p class=\"MsoNormal\" style=\"margin: 0mm 0mm 0pt;\"><span style=\"font-family: Arial; font-size: 10pt; mso-ansi-language: RO;\" lang=\"RO\">Ce m-a frapat a\u015fadar din ce-am v\u0103zut \u00een politica rom\u00e2neasc\u0103 \u015fi la ce m-am uitat, cu aten\u0163ie nemijlocit\u0103, din ce-am v\u0103zut c\u0103 se \u00eent\u00e2mpl\u0103 \u00een ea, este figura sau poza candidatului f\u0103r\u0103 \u015fanse reale de c\u00e2\u015ftig, nici m\u0103car f\u0103r\u0103 \u015fanse matematice de c\u00e2\u015ftig. Postura lui, oricare ar fi el, mi-a dat de g\u00e2ndit \u015fi, recunosc, ea este cea din \u00een\u0163elesurile ascunse ale c\u0103reia s-a conturat ideea mea. <\/span><\/p>\n<p class=\"MsoNormal\" style=\"margin: 0mm 0mm 0pt;\"><span style=\"font-family: Arial; font-size: 10pt; mso-ansi-language: RO;\" lang=\"RO\">A\u015fa cum se vede lumea politic\u0103 dinspre mine, candidatul f\u0103r\u0103 nici m\u0103car \u015fanse statistice de reu\u015fit\u0103 este Cavalerul Tristei Figuri, abia ie\u015fit \u00een realitate, care se lupt\u0103 s\u0103 reu\u015feasc\u0103 \u015fi care se str\u0103duie\u015fte s\u0103 \u00eenving\u0103 \u015fi care, \u00een fond, \u00eencearc\u0103 din r\u0103sputeri s\u0103 fie altcineva, dar care nu are, \u00een eforturile sale herculeene, prin energie, \u015fi sisifice, prin inutilitate, niciun succes \u00een tentativele lui de a se ridica deasupra condi\u0163iei \u00een care na\u015fterea l-a pus, dar \u00een care \u015fi conjunctura politic\u0103 l-a a\u015fezat, de\u015fi, ciudat, tocmai prin acest insucces constant, el repurteaz\u0103 o victorie pe care o consider \u015fi mai important\u0103 dec\u00e2t cea, profund temporal\u0103, a\u015fteptat\u0103 at\u00e2t de sine, c\u00e2t \u015fi de to\u0163i cei din preajma lui electoral\u0103.<\/span><\/p>\n<p class=\"MsoNormal\" style=\"margin: 0mm 0mm 0pt;\"><span style=\"font-family: Arial; font-size: 10pt; mso-ansi-language: RO;\" lang=\"RO\">Cavalerul Tristei Figuri Literare care este, desigur, nimeni altul dec\u00e2t Don Quijote, iese din paginile c\u0103r\u0163ii \u00een realitate pentru a deveni Cavalerul Tristei Figuri Politice, care nu poate fi dec\u00e2t Candidatul F\u0103r\u0103 Succes Matematic. \u00cen trecerea de la lumea lui originar\u0103, la cea adoptiv\u0103, \u00een care \u015fi r\u0103m\u00e2ne, acest personaj nu-\u015fi pierde niciuna dintre datele sale de baz\u0103: r\u0103m\u00e2ne la fel de naiv, cu toate c\u0103 mai c\u00e2\u015ftig\u0103 \u00een cinism; r\u0103m\u00e2ne la fel de intransigent cu propriile e\u015fecuri, cu toate c\u0103 nu le mai \u00eembrac\u0103 \u00een aura nobil\u0103 a izb\u00e2nzilor cavalere\u015fti; r\u0103m\u00e2ne, \u00een fine, tot at\u00e2t de asincron \u00een tot ceea ce face, cu toate c\u0103 desincronizarea lui caracteristic\u0103 nu mai este o <em>cauz\u0103<\/em> a firii sale, ci un <em>efect<\/em> al mediului s\u0103u \u00eenconjur\u0103tor. \u00cen plin transfer de personalitate \u00eentre cele dou\u0103 lumi, el risc\u0103 s\u0103 r\u0103m\u00e2n\u0103 blocat \u00een spa\u0163iul indefinit dintre ele dou\u0103 \u015fi ar \u015fi r\u0103m\u00e2ne blocat \u00eentre ele dac\u0103 nu s-ar fi \u00eent\u00e2mplat ca lumea literar\u0103 s\u0103 nu semene at\u00e2t de mult cu lumea real\u0103, care are at\u00e2t de multe lucruri \u00een comun cu lumea literar\u0103. Aceast\u0103 lips\u0103 de vid adev\u0103rat \u00eentre lumile sale de ac\u0163iune l-a salvat \u015fi i-a facilitat tranzi\u0163ia dinspre lumea lui de origine \u00eenspre lumea lui de adop\u0163ie \u015fi i-a f\u0103cut-o c\u00e2t de u\u015foar\u0103 s-ar fi putut \u00een asemenea condi\u0163ii. Iar proasp\u0103tul imigrant Candidat F\u0103r\u0103 Succes Statistic, Cavalerul Tristei Figuri Literare de alt\u0103dat\u0103, Cavalerul Tristei Figuri Politice de acum, odat\u0103 transferul terminat, ce face? Hot\u0103r\u0103\u015fte s\u0103 se stabileasc\u0103 \u00een lumea noastr\u0103 mai rea, pe care o consider\u0103 totu\u015fi mai bun\u0103 \u015fi uit\u0103 cu des\u0103v\u00e2r\u015fire de lumea lui nativ\u0103, de\u015fi \u00eentreaga lui activitate de aici o evoc\u0103.<\/span><\/p>\n<p class=\"MsoNormal\" style=\"margin: 0mm 0mm 0pt;\"><span style=\"font-family: Arial; font-size: 10pt; mso-ansi-language: RO;\" lang=\"RO\">Totul se \u00eent\u00e2mpl\u0103 \u00eentocmai, \u00eens\u0103 cu o diferen\u0163\u0103 care face toat\u0103 diferen\u0163a. Diferen\u0163a este at\u00e2t de important\u0103, pentru c\u0103 \u00een ea \u015fade ideea pe care am avut-o de c\u00e2nd \u00eei urm\u0103resc diversele ipostaze cum se desf\u0103\u015foar\u0103, donquijotesc, la televizor. \u015ei este diferen\u0163a at\u00e2t de important\u0103, pentru c\u0103 \u00een ea rezid\u0103 adev\u0103rata lui fa\u0163\u0103, dac\u0103 mai poate avea una unic adunat\u0103 numai \u00een tr\u0103s\u0103turile sale, dar \u015fi adev\u0103rata inten\u0163ie din spatele hot\u0103r\u00e2rii lui de a-\u015fi p\u0103r\u0103si lumea de ba\u015ftin\u0103 \u015fi a ni se al\u0103tura \u00een lumea noastr\u0103 permanent originar\u0103.<\/span><\/p>\n<p class=\"MsoNormal\" style=\"margin: 0mm 0mm 0pt;\"><span style=\"font-family: Arial; font-size: 10pt; mso-ansi-language: RO;\" lang=\"RO\">El, Candidatul\u2026 \u015fi Cavalerul\u2026, s-a mutat de tot \u00een lumea noastr\u0103 cu un singur scop. A luat aceast\u0103 decizie, cred, destul de u\u015for \u015fi fr\u0103m\u00e2nt\u00e2ndu-se, \u00een leg\u0103tur\u0103 cu implica\u0163iile unei asemenea mi\u015fc\u0103ri locative, la minim. De altfel, sunt convins \u015fi de faptul c\u0103 n-a prea avut alte \u015fanse dec\u00e2t s\u0103 se mute cu totul \u00een lumea noastr\u0103. Aici, cel pu\u0163in, are posibilitatea, fie \u015fi teoretic\u0103, s\u0103 \u00eendeplineasc\u0103 paradoxul de ne\u00eendeplinit \u00een lumea lui de ba\u015ftin\u0103, \u015fi s\u0103-l \u00eentoarc\u0103 \u00een favoarea sa, c\u00e2\u015ftig\u00e2nd p\u00e2n\u0103 la urm\u0103 consecin\u0163ele lucrurilor pe care, \u00een niciuna dintre lumi, nu le-ar fi putut c\u00e2\u015ftiga niciodat\u0103. Aici, \u00een lumea noastr\u0103, poate \u00een sf\u00e2r\u015fit s\u0103 candideze la toate alegerile, suprapuse, glisante sau, pur \u015fi simplu, normale, s\u0103 le piard\u0103 a\u015fa cum e \u015fi de a\u015fteptat, necontrazic\u00e2nd paradoxul vie\u0163ii sale, \u015fi apoi s\u0103-\u015fi c\u00e2\u015ftige dreptul la nemurire, s\u0103 prind\u0103 un loc, chiar \u015fi ultimul, \u00een memoria colectiv\u0103, dar \u015fi \u00een cea selectiv\u0103 a istoriilor na\u0163ionale, politice \u015fi, probabil, \u015fi umane ale lumii sale de adop\u0163ie. Cred, aproape sunt convins, c\u0103 din nicio alt\u0103 cauz\u0103 nu a venit el la noi. Pur \u015fi simplu vrea \u015fi el, ca oricine altcineva, o f\u0103r\u00e2m\u0103 de nemurire \u2013 o buc\u0103\u0163ic\u0103 de ve\u015fnicie, care s\u0103 fie a lui \u015fi numai a lui.<\/span><\/p>\n<p><span style=\"font-family: Arial; font-size: 10pt; mso-ansi-language: RO; mso-fareast-font-family: 'Times New Roman'; mso-fareast-language: EN-GB; mso-bidi-language: AR-SA;\" lang=\"RO\">\u00cen sf\u00e2r\u015fit, m\u0103 \u00eentreb, dac\u0103 el vrea at\u00e2t \u015fi nimic altceva, de ce n-o fi r\u0103mas \u00een lumea lui literar\u0103, unde cel pu\u0163in avea asigurat visul s\u0103u cel mai mare, \u015fi nu \u00eentr-o propor\u0163ie at\u00e2t de meschin\u0103 ca \u00een lumea noastr\u0103, \u00een care singurul lucru pe care \u00eel c\u00e2\u015ftig\u0103 \u00een mod real, pentru ca paradoxul ce-i domin\u0103 \u00eentreaga existen\u0163\u0103 s\u0103 se adevereasc\u0103, este tocmai insuccesul de lung\u0103 durat\u0103, \u00een virtutea c\u0103ruia accede, p\u00e2n\u0103 la urm\u0103, \u015fi la ceva eternitate\u2026 Nu pot s\u0103 nu-mi pun aceast\u0103 \u00eentrebare \u015fi s\u0103 nu caut un r\u0103spuns, fie el \u015fi unul provizoriu. \u015ei iat\u0103 c\u0103 el \u00een persoan\u0103, Cavalerul\u2026 transfigurat \u00een Candidatul\u2026, mi-l ofer\u0103 \u015fi, dup\u0103 tonul \u00een care mi-l d\u0103, se pare a fi destul de permanent: \u201ePentru c\u0103 acolo, de unde am venit, eu nu puteam munci la propria-mi nemurire, \u015fi de aceea nici m\u0103car nu o sim\u0163eam ca fiind a mea, \u00een vreme ce aici, \u00een lumea \u00een care m-am hot\u0103r\u00e2t s\u0103 m\u0103 stabilesc, pot \u015fi mi se permite s\u0103 muncesc la eternitatea mea personal\u0103, pe care de aceea o \u015fi simt ca fiind a mea. \u015ei, \u00een fond, eu nu vreau dec\u00e2t un singur lucru: s\u0103 fiu nemuritor, dar nu \u00een chiria cine \u015ftie c\u0103rui autor, \u015fi s\u0103 am titlu de proprietate pe propria mea eternitate\u201d.<\/span><\/p>\n","protected":false},"excerpt":{"rendered":"<p>Urm\u0103resc \u015fi eu, ca toat\u0103 lumea, intrarea politicienilor, pentru europarlamentare, \u00een campania preziden\u0163ial\u0103. Urm\u0103resc \u015fi eu, a\u015fadar, aceast\u0103 campanie electoral\u0103 suprapus\u0103 \u015fi glisant\u0103, ca toat\u0103 lumea, dar, spre deosebire de colegii mei telespectatori, dar \u015fi altfel dec\u00e2t anali\u015ftii politici care scriu de obicei texte de politic\u0103, mie mi-a venit o idee. Am s-o \u00eemp\u0103rt\u0103\u015fesc cu [&hellip;]<\/p>\n","protected":false},"author":4,"featured_media":0,"comment_status":"closed","ping_status":"open","sticky":false,"template":"","format":"standard","meta":{"_jetpack_memberships_contains_paid_content":false,"footnotes":"","jetpack_publicize_message":"","jetpack_publicize_feature_enabled":true,"jetpack_social_post_already_shared":false,"jetpack_social_options":{"image_generator_settings":{"template":"highway","default_image_id":0,"font":"","enabled":false},"version":2}},"categories":[295],"tags":[719,196],"class_list":["post-522","post","type-post","status-publish","format-standard","hentry","category-jurnal-eidotomic","tag-jurnal-eidotomic","tag-patrick-calinescu"],"jetpack_publicize_connections":[],"jetpack_featured_media_url":"","jetpack_sharing_enabled":true,"_links":{"self":[{"href":"https:\/\/blog.egophobia.ro\/index.php?rest_route=\/wp\/v2\/posts\/522","targetHints":{"allow":["GET"]}}],"collection":[{"href":"https:\/\/blog.egophobia.ro\/index.php?rest_route=\/wp\/v2\/posts"}],"about":[{"href":"https:\/\/blog.egophobia.ro\/index.php?rest_route=\/wp\/v2\/types\/post"}],"author":[{"embeddable":true,"href":"https:\/\/blog.egophobia.ro\/index.php?rest_route=\/wp\/v2\/users\/4"}],"replies":[{"embeddable":true,"href":"https:\/\/blog.egophobia.ro\/index.php?rest_route=%2Fwp%2Fv2%2Fcomments&post=522"}],"version-history":[{"count":0,"href":"https:\/\/blog.egophobia.ro\/index.php?rest_route=\/wp\/v2\/posts\/522\/revisions"}],"wp:attachment":[{"href":"https:\/\/blog.egophobia.ro\/index.php?rest_route=%2Fwp%2Fv2%2Fmedia&parent=522"}],"wp:term":[{"taxonomy":"category","embeddable":true,"href":"https:\/\/blog.egophobia.ro\/index.php?rest_route=%2Fwp%2Fv2%2Fcategories&post=522"},{"taxonomy":"post_tag","embeddable":true,"href":"https:\/\/blog.egophobia.ro\/index.php?rest_route=%2Fwp%2Fv2%2Ftags&post=522"}],"curies":[{"name":"wp","href":"https:\/\/api.w.org\/{rel}","templated":true}]}}