{"id":535,"date":"2009-05-21T10:15:46","date_gmt":"2009-05-21T08:15:46","guid":{"rendered":"http:\/\/egophobia.dap.ro\/?p=535"},"modified":"2009-05-21T10:15:46","modified_gmt":"2009-05-21T08:15:46","slug":"a-treia-intalnire-din-cadrul-cafenelei-literare-%e2%80%9cespacio-niram%e2%80%9d-madrid","status":"publish","type":"post","link":"https:\/\/blog.egophobia.ro\/?p=535","title":{"rendered":"A treia intalnire din cadrul Cafenelei Literare \u201cEspacio Niram\u201d Madrid"},"content":{"rendered":"<p>am primit la redactie:<\/p>\n<blockquote><p>\n\u201cInter-cultura: Puterea Cuvantului\u201d\u00a0<\/p>\n<p>A treia intalnire din cadrul Cafenelei Literare \u201cEspacio Niram\u201d  Madrid<\/p>\n<p>Espacio Niram &#8211; Madrid, in colaborare cu Revista Niram Art, organizeaza cea\u00a0 de a treia intalnire din cadrul Cafenelei Literare, intitulata \u201cInter-cultura: Puterea cuvantului\u201d,\u00a0 Joi, 21 mai 2009, la orele 21. Dialogul literar hispano-roman va fi moderat de Fabianni Belemuski, directorul Revistei Niram Art.<br \/>\n<!--more--><br \/>\nInvitatii Cafenelei literare sunt scriitorii Alfonso Armada (Spania) si Stefan Mitroi (Romania) precum si traducatorii Horia Barna (hispanist, Director al Institutului Cultural Roman din \u00a0Madrid) si Dan Caragea (lusitanist).<\/p>\n<p>Nascut in orasul Vigo, in 1958, Alfonso Armada a lucrat ca ziarist pentru ziarele Faro de Vigo, El Pa\u00eds si Abc. A relatat despre asediul din Sarajevo, genocidul din Ruanda si despre diverse evenimente din tarile africane. De asemenea, era correspondent in New York, in momentul atacului terrorist din 11 Septembrie. Momentan lucreaza pentru ziarul ABC, Madrid.<\/p>\n<p>Ca scriitor, a publicat mai multe carti: Cuadernos africanos \/ Caiete africane (1998 si 2002), Espa\u00f1a, de sol a sol \/ Spania de la soare la soare (2001), El rumor de la frontera Zvonul de la granita (ambele cu fotografii de Corina Arranz 2001), Nueva York, el deseo y la quimera \/ New York, dorinta si himera (2007). Impreuna cu Gonzalo S\u00e1nchez-Ter\u00e1n, a publicat El silencio de Dios y otras met\u00e1foras. Una correspondencia entre \u00c1frica y Nueva York \/ Tacerea lui Dumnezeu si alte metafore,\u00a0 O Corespondenta intre Africa si New York (2008) precum si mai multe piese de teatru (Trei piese minime, 1998, La edad de oro de los perros \/ Varsta de aur a cainilor, 1996, etc.)\u00a0 si volume de poezie (Haikus da Costa da Morte &#8211; coperta: picturi de Ant\u00f3n Pati\u00f1o, 2007, Los temporales, 2002, etc.) Ultima sa carte, El sue\u00f1o Americano \/ Visul American, publicata in 2009, prezinta expectativele poporului american in legatura cu alegerea lui Barack Obama ca Presedinte.<\/p>\n<p>Stefan Mitroi s-a nascut in 1956, in Romania. Si-a inceput cariera literara ca poet. A publicat, posterior, nuevele, romane si piese de teatru. In 2006, a primit Premiul pentru cea mai buna piesa teatrala a anului, acordat de Clubul Dramaturgilor din cadul Uniunii Scriitorilor din Romania. In 2008, a castigat Concursul national de Teatru infantil, cu piesa Povestea copilului care a salvat povestile. Primul sau roman, Caderea din cer (2003), a fost tradus si in limba franceza. Au urmat:\u00a0 Gaura &#8211; Editura Libra, 2004 (tradus in limba portugheza de Dan Caragea, Coperta: pictura de Romeo Niram, Ed. Cyberlex, Portugalia, 2008), Viata invers\u0103 a lui Cocostel Ouatu (2005) si Dulce ca pelinul (Editura Libra si Detectiv, 2008).<\/p>\n<p>Horia Barna este hispanist, ziarist, traducator si editor. Ca traducator, este responsabil de introducerea \u00a0si promovarea in Romania a operelor mai multor scriitori hispanici, precum Carlos Fuentes si Eduardo Mendoza. Are o bogata cariera in jurnalism cultural, colaborand cu diverse reviste literare. Licentiat in Filologie Spaniola, Univ. din Bucuresti, este Directorul Institutului Cultural Roman din 2006.<\/p>\n<p>Dan Caragea este lusitanist, traducator, scriitor, editor si critic de arta, specialist in Lingvistica computationala. Este autorul mai multor manuale de invatare a limbii portugheze. A tradus opere de Jose Luandino Vieira in limba romana, poezii de Mihai Eminescu si\u00a0 romanul \u201cGroapa\u201d de Stefan Mitroi, in limba portugheza. Este creatorul\u00a0 variantei spaniole si portugheze a programului Tropes pentru analiz\u0103 semantica a con\u0163inutului textual.<\/p>\n<p>\u00a0<\/p>\n<p>Espacio Niram<\/p>\n<p>www.espacioniram.com<\/p>\n<p>Calle Independencia N\u00ba2, 28013, Madrid<\/p>\n<p>Intrarea Libera<\/p>\n<p>ATASAMENT: Comunicatul de presa cu diacritice in format .<a href=\"http:\/\/www.fileden.com\/files\/2008\/3\/18\/1822051\/blog\/CP_%20InterCultura%20in%20Espacio%20Niram%20Madrid_diacritice.rtf\">doc<\/a><br \/>\n<img decoding=\"async\" src=\"http:\/\/i158.photobucket.com\/albums\/t103\/egophobia\/blog\/AfiscafeliterarioIII_espacio_Niram.jpg\"><br \/>\n&#8211;<br \/>\nDefeses Fine Arts<br \/>\nPR Agency<\/p>\n<p>Representante:<br \/>\nMovement for Contemporary Art, Portugal (MAC)<br \/>\nNiram Art Magazine, Spain<br \/>\nAter Mundus Contemporary Art Furniture, Spain<br \/>\nEspacio Niram Bar &#038; Lounge, Spain<br \/>\nNicole Blanco Art Gallery, Spain<br \/>\nhttp:\/\/www.defesesfinearts.net46.net\/<\/p>\n<p>Defeses Fine Arts on YOUTUBE: http:\/\/www.youtube.com\/user\/defesesfinearts\n<\/p><\/blockquote>\n","protected":false},"excerpt":{"rendered":"<p>am primit la redactie: \u201cInter-cultura: Puterea Cuvantului\u201d\u00a0 A treia intalnire din cadrul Cafenelei Literare \u201cEspacio Niram\u201d Madrid Espacio Niram &#8211; Madrid, in colaborare cu Revista Niram Art, organizeaza cea\u00a0 de a treia intalnire din cadrul Cafenelei Literare, intitulata \u201cInter-cultura: Puterea cuvantului\u201d,\u00a0 Joi, 21 mai 2009, la orele 21. Dialogul literar hispano-roman va fi moderat de [&hellip;]<\/p>\n","protected":false},"author":1,"featured_media":0,"comment_status":"open","ping_status":"open","sticky":false,"template":"","format":"standard","meta":{"_jetpack_memberships_contains_paid_content":false,"footnotes":"","jetpack_publicize_message":"","jetpack_publicize_feature_enabled":true,"jetpack_social_post_already_shared":false,"jetpack_social_options":{"image_generator_settings":{"template":"highway","default_image_id":0,"font":"","enabled":false},"version":2}},"categories":[4],"tags":[62,168,188],"class_list":["post-535","post","type-post","status-publish","format-standard","hentry","category-anunturi-culturale","tag-cafenea-literara","tag-madrid","tag-niram"],"jetpack_publicize_connections":[],"jetpack_featured_media_url":"","jetpack_sharing_enabled":true,"_links":{"self":[{"href":"https:\/\/blog.egophobia.ro\/index.php?rest_route=\/wp\/v2\/posts\/535","targetHints":{"allow":["GET"]}}],"collection":[{"href":"https:\/\/blog.egophobia.ro\/index.php?rest_route=\/wp\/v2\/posts"}],"about":[{"href":"https:\/\/blog.egophobia.ro\/index.php?rest_route=\/wp\/v2\/types\/post"}],"author":[{"embeddable":true,"href":"https:\/\/blog.egophobia.ro\/index.php?rest_route=\/wp\/v2\/users\/1"}],"replies":[{"embeddable":true,"href":"https:\/\/blog.egophobia.ro\/index.php?rest_route=%2Fwp%2Fv2%2Fcomments&post=535"}],"version-history":[{"count":0,"href":"https:\/\/blog.egophobia.ro\/index.php?rest_route=\/wp\/v2\/posts\/535\/revisions"}],"wp:attachment":[{"href":"https:\/\/blog.egophobia.ro\/index.php?rest_route=%2Fwp%2Fv2%2Fmedia&parent=535"}],"wp:term":[{"taxonomy":"category","embeddable":true,"href":"https:\/\/blog.egophobia.ro\/index.php?rest_route=%2Fwp%2Fv2%2Fcategories&post=535"},{"taxonomy":"post_tag","embeddable":true,"href":"https:\/\/blog.egophobia.ro\/index.php?rest_route=%2Fwp%2Fv2%2Ftags&post=535"}],"curies":[{"name":"wp","href":"https:\/\/api.w.org\/{rel}","templated":true}]}}