{"id":565,"date":"2009-05-28T11:31:20","date_gmt":"2009-05-28T09:31:20","guid":{"rendered":"http:\/\/egophobia.dap.ro\/?p=565"},"modified":"2009-05-28T11:31:20","modified_gmt":"2009-05-28T09:31:20","slug":"proiectul-poezie-puterea-documentar","status":"publish","type":"post","link":"https:\/\/blog.egophobia.ro\/?p=565","title":{"rendered":"proiectul poezie. puterea (documentar)"},"content":{"rendered":"<p>am primit la redactie:<\/p>\n<blockquote><p>poezie. puterea (documentar)<\/p>\n<p>synopsis si anunt:<\/p>\n<p>A\u0163i \u00eenv\u0103\u0163at la \u015fcoal\u0103 ce e cu poezia. E momentul s\u0103 v\u0103 ar\u0103t\u0103m cum e<br \/>\n\u00een realitate. 24 de scriitori tineri explic\u0103 de unde vine \u015fi unde se<br \/>\nduce literatura. Unii pot s\u0103 jure c\u0103 proza-i mama poeziei, al\u0163ii cred<br \/>\nc\u0103-i o piramid\u0103, o form\u0103 de comunicare, o r\u0103bufnire sau drumul cel mai<br \/>\nscurt spre celebritatea rock.<br \/>\n<!--more--><br \/>\n<strong>poezie. puterea<\/strong> este un documentar care ia pulsul<br \/>\npoeziei contemporane, al indecen\u0163ei \u015fi al publicului ei: o or\u0103 cu poe\u0163i<br \/>\nnoi \u015fi puterile lor speciale.<\/p>\n<p>Un film cu: Constantin Acosmei | \u015eerban Axinte | Constantin Virgil B\u0103nescu |<br \/>\nC\u0103t\u0103lina Cadinoiu | Dan Coman | Tudor Cre\u0163u | Sorin Despot | Cosmin<br \/>\nDragomir | Ana Dragu | Teodor Dun\u0103 | Aida Hancer | Marin M\u0103laicu<br \/>\nHondrari | Marius Ianu\u015f | Vasile Leac | Oana C\u0103t\u0103lina Ninu | Florin<br \/>\nPartene | Denisa Pi\u015fcu | Cosmin Per\u0163a | Andra Rotaru | George Serediuc<br \/>\n| Stoian G. Bogdan | Olga \u015etefan | Adriana Teodorescu | Mihai Vakulovski<\/p>\n<p>Un proiect <em>poetica.rocultura.ro<\/em>, realizat de <a href=\"http:\/\/andreiruse.ro\/\">Andrei Ruse<\/a> \u015fi <a href=\"http:\/\/poetica.rocultura.ro\/\">R\u0103zvan \u0162upa<\/a>.<\/p>\n<p><strong>Premiera pe 4 iunie 2009, \u00een <a href=\"http:\/\/www.saltpub.ro\/\">S.A.L.T. Pub<\/a>, de la orele 18:00, \u00een cadrul <em>Poeticilor cotidianului<\/em>.<\/p>\n<p>Vino s\u0103 vezi dac-o ia de nevast\u0103!<\/strong><\/p>\n<p>parteneri: <a href=\"http:\/\/bookblog.ro\/\">Bookblog.ro<\/a>, <a href=\"http:\/\/rocultura.ro\/\">ROcultura.ro<\/a>, <a href=\"http:\/\/timeoutbucuresti.ro\/\">Time Out Bucure\u015fti<\/a><\/div>\n<p><span style=\"font-weight: bold;\">utile<\/span>: <a href=\"http:\/\/www.youtube.com\/watch?v=usNW5VtJBIY&amp;feature=channel_page\">trailer<\/a> | <a href=\"http:\/\/www.youtube.com\/watch?v=xn6ANV4wsHg&amp;feature=channel_page\">teaser<\/a> | <a href=\"http:\/\/poetica.rocultura.ro\/wp-content\/uploads\/2009\/05\/afispp01.jpg\">afis<\/a><br \/>\nAndrei Ruse<br \/>\nyahoo id \/ mail: supraego85<br \/>\nblog: andreiruse.ro<br \/>\ntwitter: twitter.com\/supraego85\n<\/p><\/blockquote>\n","protected":false},"excerpt":{"rendered":"<p>am primit la redactie: poezie. puterea (documentar) synopsis si anunt: A\u0163i \u00eenv\u0103\u0163at la \u015fcoal\u0103 ce e cu poezia. E momentul s\u0103 v\u0103 ar\u0103t\u0103m cum e \u00een realitate. 24 de scriitori tineri explic\u0103 de unde vine \u015fi unde se duce literatura. Unii pot s\u0103 jure c\u0103 proza-i mama poeziei, al\u0163ii cred c\u0103-i o piramid\u0103, o form\u0103 [&hellip;]<\/p>\n","protected":false},"author":2,"featured_media":0,"comment_status":"open","ping_status":"open","sticky":false,"template":"","format":"standard","meta":{"_jetpack_memberships_contains_paid_content":false,"footnotes":"","jetpack_publicize_message":"","jetpack_publicize_feature_enabled":true,"jetpack_social_post_already_shared":false,"jetpack_social_options":{"image_generator_settings":{"template":"highway","default_image_id":0,"font":"","enabled":false},"version":2}},"categories":[4],"tags":[37,102,209,223],"class_list":["post-565","post","type-post","status-publish","format-standard","hentry","category-anunturi-culturale","tag-andrei-ruse","tag-documentar","tag-poezie","tag-razvan-tupa"],"jetpack_publicize_connections":[],"jetpack_featured_media_url":"","jetpack_sharing_enabled":true,"_links":{"self":[{"href":"https:\/\/blog.egophobia.ro\/index.php?rest_route=\/wp\/v2\/posts\/565","targetHints":{"allow":["GET"]}}],"collection":[{"href":"https:\/\/blog.egophobia.ro\/index.php?rest_route=\/wp\/v2\/posts"}],"about":[{"href":"https:\/\/blog.egophobia.ro\/index.php?rest_route=\/wp\/v2\/types\/post"}],"author":[{"embeddable":true,"href":"https:\/\/blog.egophobia.ro\/index.php?rest_route=\/wp\/v2\/users\/2"}],"replies":[{"embeddable":true,"href":"https:\/\/blog.egophobia.ro\/index.php?rest_route=%2Fwp%2Fv2%2Fcomments&post=565"}],"version-history":[{"count":0,"href":"https:\/\/blog.egophobia.ro\/index.php?rest_route=\/wp\/v2\/posts\/565\/revisions"}],"wp:attachment":[{"href":"https:\/\/blog.egophobia.ro\/index.php?rest_route=%2Fwp%2Fv2%2Fmedia&parent=565"}],"wp:term":[{"taxonomy":"category","embeddable":true,"href":"https:\/\/blog.egophobia.ro\/index.php?rest_route=%2Fwp%2Fv2%2Fcategories&post=565"},{"taxonomy":"post_tag","embeddable":true,"href":"https:\/\/blog.egophobia.ro\/index.php?rest_route=%2Fwp%2Fv2%2Ftags&post=565"}],"curies":[{"name":"wp","href":"https:\/\/api.w.org\/{rel}","templated":true}]}}