{"id":63,"date":"2008-07-23T03:42:28","date_gmt":"2008-07-23T08:42:28","guid":{"rendered":"http:\/\/egophobia.dap.ro\/?p=63"},"modified":"2008-07-23T03:42:28","modified_gmt":"2008-07-23T08:42:28","slug":"a-xvi-a-editie-a-festivalului-concurs-de-poezie-%e2%80%9ecostache-conachi%e2%80%99%e2%80%99","status":"publish","type":"post","link":"https:\/\/blog.egophobia.ro\/?p=63","title":{"rendered":"A XVI-a edi\u0163ie a Festivalului concurs de poezie \u201eCostache Conachi\u2019\u2019."},"content":{"rendered":"<p><em>primim pe adresa redactiei multe stiri si comunicate de interes larg, asa ca am decis sa le postam pe blogul nostru, pentru a ajunge la cat mai multi dintre posibilii interesati<\/em><\/p>\n<p><em>Redactia EgoPHobia<\/em><\/p>\n<p><!--more--><\/p>\n<p>MINISTERUL CULTURII \u015eI CULTELOR                            CONSILIUL JUDE\u0162ULUI GALA\u0162I<br \/>\nDIREC\u0162IA PENTRU CULTUR\u0102,CULTE \u015eI                                             CENTRUL  CULTURAL<br \/>\nPATRIMONIU CULTURAL NA\u0162IONAL                                          \t       \u201cDUN\u0102REA DE JOS\u2019\u2019<br \/>\nGALA\u0162I<\/p>\n<p>PRIM\u0102RIA  MUNICIPIULUI  TECUCI                               MUZEUL LITERATURII ROM\u00c2NE<br \/>\nCASA    DE     CULTUR\u0102                                                                              IA\u015eI<\/p>\n<p>REGULAMENTUL<br \/>\nFestivalului concurs de poezie<br \/>\n\u201cCostache  Conachi\u201d\u2019<br \/>\nedi\u0163ia a XVI-a<\/p>\n<p>\u00cen zilele de 3 &#8211; 4 octombrie 2008, Casa de Cultur\u0103 a municipiului Tecuci organizeaz\u0103 cea de a XVI-a edi\u0163ie a Festivalului concurs de poezie \u201eCostache Conachi\u2019\u2019.<br \/>\nConcuren\u0163ii : la aceast\u0103 manifestare cultural\u0103 pot participa tineri creatori de poezie \u00een v\u00e2rst\u0103 de p\u00e2n\u0103 la 35 de ani, care nu au publicat \u00een volum. Concuren\u0163ii vor trimite un num\u0103r de zece poezii,\u00een c\u00e2te cinci exemplare, care vor purta fiecare, acela\u015fi moto de identificare. \u00centr-un alt plic \u00eenchis, pe care va fi \u00eenscris moto-ul de la poezii, participan\u0163ii vor introduce o fi\u015f\u0103 cu c\u00e2teva date personale : numele \u015fi prenumele, data \u015fi locul na\u015fterii, domiciliul, ocupa\u0163ia, studiile, distinc\u0163ii literare, telefon, etc.<br \/>\nPlicurile cu fi\u015fa personal\u0103 se vor deschide dup\u0103 jurizarea poeziilor \u015fi stabilirea premiilor.<br \/>\nLucr\u0103rile vor fi expediate p\u00e2n\u0103 la data de 15 septembrie 2008  &#8211; data po\u015ftei &#8211;  pe urm\u0103toarea adres\u0103 :<br \/>\nCasa de Cultur\u0103 a municipiului Tecuci,<br \/>\nStr. 1 Decembrie 1918, nr. 62, cod 805300, jud. Gala\u0163i,<br \/>\ncu men\u0163iunea \u201cPentru concursul na\u0163ional de poezie \u201eC. Conachi\u201d<\/p>\n<p>Rela\u0163ii la tel. 0236\/820 449; 0723\/289 695<\/p>\n<p>Jurizarea : lucr\u0103rile vor fi apreciate de un juriu, constituit din personalit\u0103\u0163i ale criticii literare romane\u015fti \u015fi ale vie\u0163ii culturale locale, care va desemna laurea\u0163ii festivalului.<\/p>\n<p>Premiile : concuren\u0163ii stabili\u0163i c\u00e2\u015ftig\u0103tori vor fi invita\u0163i la Tecuci, \u00een zilele  de 3-4 oct. 2008, la manifest\u0103rile organizate cu prilejul Festivalului Na\u0163ional de poezie \u201cCostache Conachi\u201d.<br \/>\nOrganizatorii  vor  acorda  urm\u0103toarele  premii  \u00een  numerar :<\/p>\n<p>Marele premiu                                         6.000.000 lei<br \/>\nPremiul  I                                                 5.000.000 lei<br \/>\nPremiul  II                                               4.000.000 lei<br \/>\nPremiul  III                                              3.000.000 lei<\/p>\n<p>Vor mai fi oferite premii de c\u0103tre unele edituri sau reviste literare.<br \/>\nJuriul \u00ee\u015fi rezerv\u0103 dreptul de a redistribui, \u00een mod excep\u0163ional, anumite premii.<br \/>\nCazarea, transportul \u015fi masa (diurna) vor fi suportate de c\u0103tre  organizatori.<br \/>\nLaurea\u0163ii vor fi prezen\u0163i personal la Tecuci, pentru a primi premiile stabilite de juriu \u015fi pentru a participa la manifest\u0103rile organizate cu prilejul Festivalului concurs de poezie \u201cCostache Conachi\u201d.<\/p>\n<p>Director,<\/p>\n<p>Viorel Burlacu<\/p>\n<p>#\u00a0versiunea <a target=\"_blank\" href=\"http:\/\/www.fileden.com\/files\/2008\/3\/18\/1822051\/blog\/Regulament%20C%20Conachi.doc\">.doc<\/a> a acestui anunt<\/p>\n","protected":false},"excerpt":{"rendered":"<p>primim pe adresa redactiei multe stiri si comunicate de interes larg, asa ca am decis sa le postam pe blogul nostru, pentru a ajunge la cat mai multi dintre posibilii interesati Redactia EgoPHobia<\/p>\n","protected":false},"author":1,"featured_media":0,"comment_status":"open","ping_status":"open","sticky":false,"template":"","format":"standard","meta":{"_jetpack_memberships_contains_paid_content":false,"footnotes":"","jetpack_publicize_message":"","jetpack_publicize_feature_enabled":true,"jetpack_social_post_already_shared":false,"jetpack_social_options":{"image_generator_settings":{"template":"highway","default_image_id":0,"font":"","enabled":false},"version":2}},"categories":[4],"tags":[],"class_list":["post-63","post","type-post","status-publish","format-standard","hentry","category-anunturi-culturale"],"jetpack_publicize_connections":[],"jetpack_featured_media_url":"","jetpack_sharing_enabled":true,"_links":{"self":[{"href":"https:\/\/blog.egophobia.ro\/index.php?rest_route=\/wp\/v2\/posts\/63","targetHints":{"allow":["GET"]}}],"collection":[{"href":"https:\/\/blog.egophobia.ro\/index.php?rest_route=\/wp\/v2\/posts"}],"about":[{"href":"https:\/\/blog.egophobia.ro\/index.php?rest_route=\/wp\/v2\/types\/post"}],"author":[{"embeddable":true,"href":"https:\/\/blog.egophobia.ro\/index.php?rest_route=\/wp\/v2\/users\/1"}],"replies":[{"embeddable":true,"href":"https:\/\/blog.egophobia.ro\/index.php?rest_route=%2Fwp%2Fv2%2Fcomments&post=63"}],"version-history":[{"count":0,"href":"https:\/\/blog.egophobia.ro\/index.php?rest_route=\/wp\/v2\/posts\/63\/revisions"}],"wp:attachment":[{"href":"https:\/\/blog.egophobia.ro\/index.php?rest_route=%2Fwp%2Fv2%2Fmedia&parent=63"}],"wp:term":[{"taxonomy":"category","embeddable":true,"href":"https:\/\/blog.egophobia.ro\/index.php?rest_route=%2Fwp%2Fv2%2Fcategories&post=63"},{"taxonomy":"post_tag","embeddable":true,"href":"https:\/\/blog.egophobia.ro\/index.php?rest_route=%2Fwp%2Fv2%2Ftags&post=63"}],"curies":[{"name":"wp","href":"https:\/\/api.w.org\/{rel}","templated":true}]}}