{"id":64,"date":"2008-07-23T03:47:15","date_gmt":"2008-07-23T08:47:15","guid":{"rendered":"http:\/\/egophobia.dap.ro\/?p=64"},"modified":"2008-07-23T03:47:15","modified_gmt":"2008-07-23T08:47:15","slug":"noul-statut-al-usr","status":"publish","type":"post","link":"https:\/\/blog.egophobia.ro\/?p=64","title":{"rendered":"noul statut al usr?"},"content":{"rendered":"<p><em>reproducem mai jos un\u00a0mesaj primit la\u00a0redactie\u00a0<\/em><\/p>\n<p>\u201eCu statutul nostru-n frunte, vom avea victorii multe\u201d<\/p>\n<p>Printr-o fericit\u0103 \u00eent\u00e2mplare mi-a c\u0103zut \u00een m\u00e2n\u0103 proiectul de statut al USR.<\/p>\n<p><!--more--><\/p>\n<p>\u015ei cum o p\u00e2rdalnic\u0103 temere mi-a \u00eencol\u0163it \u00een suflet, nu m\u0103 pot ab\u0163ine s\u0103 nu dau glas unor ciudate, ca s\u0103 nu zic de\u015fuchiate, n\u0103zdr\u0103v\u0103nii.<\/p>\n<p>Aflu cu stupoare,\u00eenc\u0103 de la articolul 1, c\u0103\u00a0 s-a renun\u0163at la ideea revenirii la denumirea ini\u0163ial\u0103 de Societatea Scriitorilor Rom\u00e2ni din 1908. O fi bine, o fi r\u0103u?<\/p>\n<p>La articolul 2, aflu c\u0103 USR nu vrea s\u0103 adere la activit\u0103\u0163i contrare demnit\u0103\u0163ii, libert\u0103\u0163ii umane \u015fi libert\u0103\u0163ii de opinie \u015fi de expresie. \u015ei cred c\u0103 s-ar impune men\u0163iunea conform Constitu\u0163iei Rom\u00e2niei sau s\u0103 se precizeze c\u0103 \u015fi scriitorii nu numai Uniunea au obliga\u0163ia de a respecta aceste libert\u0103\u0163i.<\/p>\n<p>\u00cen articolul 5 aflu c\u0103 Uniunea poate s\u0103 fie partener\u0103 \u00een \u00eenfiin\u0163are de asocia\u0163ii, conform literei a f\u0103r\u0103 a preciza \u00een ce condi\u0163ii poate finan\u0163a activit\u0103\u0163ile \u015fi publica\u0163iile partenerilor din \u0163ar\u0103 sau str\u0103in\u0103tate. La punctele b, c, g se face vorbire despre schimburi culturale, premii, tot felul de \u00eenfiin\u0163\u0103ri de libr\u0103rii, muzee etc. dar f\u0103r\u0103 a se men\u0163iona vreun criteriu ce va sta la baza ini\u0163iativelor.<\/p>\n<p>La articolul 6 se zice c\u0103 poate deveni membru orice scriitor cu cet\u0103\u0163enie rom\u00e2n\u0103, str\u0103in cu domiciliul \u00een Rom\u00e2nia sau scriitor de limb\u0103 rom\u00e2n\u0103 cu domiciliul \u00een str\u0103in\u0103tate, \u00eenc\u00e2t stau \u015fi m\u0103 \u00eentreb de ce s\u0103 nu-l primim \u015fi pe Ismail Kadar sau al\u0163i laurea\u0163i ai Premiului Nobel care ar \u00eennobila prin prezen\u0163a lor USR.<\/p>\n<p>Articolul 7 devine \u015fi mai drastic \u015fi m\u0103 face s\u0103 \u00een\u0163eleg c\u0103 Eminescu ar fi fost un stagiar timp de cinci ani dac\u0103 nu ar fi avut un premiu al USR. Ori este cunoscut cazul multor scriitori,fie \u015fi exemplul lui Caragiale, care \u00een loc de premii ale vreunei entit\u0103\u0163i culturale rom\u00e2ne\u015fti a st\u00e2rnit doar ura \u015fi pizma autorit\u0103\u0163ilor \u015fi care potrivit acestui articol ar trebui s\u0103 stea cinci ani stagiar, p\u00e2n\u0103 s\u0103 devin\u0103 membru definitiv. Nu-i de r\u00e2sul curcilor?<\/p>\n<p>La articolul 8 trecem cu vederea limba de lemn \u201es\u0103 aplice\u201d -litera b- la proiecte, dar nu putem s\u0103 nu ne \u00eentreb\u0103m pe ce criterii se dau indemniza\u0163ii de merit la scriitori putrezi de boga\u0163i, \u015ftiut fiind faptul c\u0103 nu aceasta a fost inten\u0163ia legiuitorului stimulat de senatorul \u015fi poetul Adrian Paunescu, nemembru al USR care a fost exclus chiar de fl\u0103c\u0103ii cu dosare nedeconspirate nici p\u00een\u0103 ast\u0103zi .<\/p>\n<p>La articolul 9 se stipuleaz\u0103 c\u0103 stagiarii n-au dreptul de cinstire a memoriei, ini\u0163iere de acte \u015fi de parteneriate chiar dac\u0103 unii dintre ei ar avea valori net superioare b\u0103tr\u00e2nilor membrii definitivi, care nu mai au neuronii \u015fi nici voin\u0163a necesar\u0103 unor astfel de ini\u0163ieri. \u00cen schimb la articolul 10, litera d stagiarii trebuie s\u0103 respecte normele deontologice ale breslei \u015fi s\u0103 manifeste grij\u0103 fa\u0163\u0103 de prestigiul USR de parca ar \u015fti cineva care sunt normele deontologice? Cine le deontologizeaz\u0103? C\u00eet despre prestigiu,ce s\u0103 mai vorovim\u2026..<\/p>\n<p>La articolul 11 se precizeaz\u0103 c\u0103 po\u0163i fi exclus \u00een condi\u0163iile prev\u0103zute de regulamentul comisiei de validare, care este aleas\u0103, cic\u0103, prin vot de noul consiliu, de parc\u0103 nu ar fi fost normal s\u0103 fie votat\u0103 \u00een\u00a0 secret de c\u0103tare Adunarea General\u0103 a breslei care \u015fi a\u015fa este alc\u0103tuit\u0103 din reprezentan\u0163i. Practic\u00a0 un scriitor incomod prin corectitudinea \u015fi moralitatea sa \u00eempotriva g\u0103\u015ftilor cunoscute \u015fi consacrate deja, nici dac\u0103 este ales s\u0103 fie reprezentant \u00een\u00a0 adunarea general\u0103, nu poate vota comisia care \u00eel poate exclude. Norocul nostru c\u0103 nu este \u015fi Talpe\u015f membru al USR. \u015ei-ar fi adus ciracii s\u0103 ne conduc\u0103 destinele \u015fi s\u0103 ne lipseasc\u0103 de am\u0103r\u00e2ta aia de 50 % din pensie pe care tot P\u0103unescu a promovat-o \u00een legislativul Rom\u00e2niei.<\/p>\n<p>La capitolul IV, fiindc\u0103 veni vorba de organizare se vorbe\u015fte c\u0103 \u00a0asocia\u0163ia pentru a fi valid\u0103 trebuie s\u0103 aib\u0103 minim 50 de membri (art. 14).<\/p>\n<p>Cu alte cuvinte, pentru ca s\u0103 nu m\u0103 duc cu c\u0103ciula \u00een m\u00e2n\u0103 \u00een a\u015fa zisele\u00a0 capitale culturale ale patriei, trebuie s\u0103 respir acela\u015fi aer cu turn\u0103torii, securi\u015ftii \u015fi ofi\u0163erii activi ai scriitorimii rom\u00e2ne. Altfel n-am nicio \u015fans\u0103 ca s\u0103 m\u0103 \u00eenscriu sau s\u0103 m\u0103 transfer \u00eentr-o asocia\u0163ie unde aerul, democra\u0163ia \u015fi libertatea de exprimare sunt, c\u00e2t de c\u00e2t,mai prezente. N-am \u00een\u0163eles \u015fi nu voi \u00een\u0163elege de ce nu punem obligativitatea la 500 de membrii pentru ca scriitorii s\u0103 fie c\u0103l\u0103ri\u0163i c\u00e2t mai str\u00e2ns de una \u015fi aceea\u015fi persoan\u0103. Nu m-ar mira ca m\u00e2ine poim\u00e2ine s\u0103 se propun\u0103 doar o singur\u0103 asocia\u0163ie \u015fi aia obedient\u0103 prin reprezentan\u0163ii ei,p\u00e2n\u0103 la vom\u0103.<\/p>\n<p>La articolul 16 \u201elegarea de mo\u015fie\u201d \u00a0sau iob\u0103gizarea scriitorilor rom\u00e2ni este \u015fi mai bine conturat\u0103, astfel \u00eenc\u00e2t dac\u0103 \u00een cinci ani de zile nu m\u0103 duc la asocia\u0163ia pe raza c\u0103ruia domiciliez voi fi deferit excluderii. P\u0103i \u00een cazul acesta, cum unii scriitori \u00ee\u015fi au domiciliul la Pocreaca iar al\u0163ii la Tichiri\u015f trebuie s\u0103-\u015fi fac\u0103 asocia\u0163ie, acolo unde domiciliaz\u0103. Mai r\u0103m\u00e2ne s\u0103 le spun\u0103 c\u0103 se pot hr\u0103ni doar la Alimentara din col\u0163ul str\u0103zii unde \u00ee\u015fi au adresa pe buletin \u015fi am realizat \u00eenc\u0103 un mare deziderat al existen\u0163ei democra\u0163iei \u015fi libert\u0103\u0163ii \u00een USR.<\/p>\n<p>Trecem peste multele comitete \u015fi comi\u0163ii din articolele urm\u0103toare \u015fi ne ducem la articolul 21 care specific\u0103 printre altele c\u0103 odat\u0103 la 5 ani se organizeaz\u0103 o conferin\u0163\u0103 na\u0163ional\u0103. Cu alte cuvinte suntem \u00een\u015ftiin\u0163a\u0163i c\u0103 viitorul pre\u015fedinte va domni &#8211; oriunde s-ar afla el \u2013 timp de 5-cinci -ani de zile. Conferin\u0163a Na\u0163ional\u0103 de fapt este o Conferin\u0163\u0103 a reprezentan\u0163ilor scriitorilor, de unul la \u015fapte \u00een cazul USR. Dac\u0103 tot v\u0103 este drag\u0103 domnilor cifra 5 de ce nu face\u0163i raportul de 1 la 5 \u015fi nu \u00eenchiria\u0163i sala Palatului pentru ca ace\u015fti reprezentan\u0163i s\u0103 \u00eencap\u0103 cu to\u0163ii,ca s\u0103-\u015fi poat\u0103 spune p\u0103surile \u015fi ap\u0103ra drepturile pentru care \u00eens\u0103\u015fi breasla exist\u0103.<\/p>\n<p>Mai mult, la articolul 23 nu vedem de ce cei trei vicepre\u015fedin\u0163i nu ar fi ale\u015fi prin vot secret la fel ca pre\u015fedintele pentru ca s\u0103 nu mai existe puteri discre\u0163ionare de tip ceau\u015fist \u00een m\u00e2na unui singur om.<\/p>\n<p>La articolul 24 iar ni se inoculeaz\u0103 varianta mandatului de cinci ani \u015fi pentru consiliu, ca atunci c\u00e2nd se spune ceva despre pre\u015fedinte se nu se omit\u0103 a se men\u0163iona \u015fi durata mandatului acestuia. Nu crede\u0163i c\u0103 pentru a da mai mult dinamism breslei noastre un mandat de trei ani ar fi suficient? Nu de alta dar s-ar putea s\u0103 ne moar\u0103 pre\u015fedintele \u00een primul an de activitate \u015fi timp de patru ani s\u0103 convie\u0163uim sau s\u0103 ne \u00eencredin\u0163\u0103m soarta unui pre\u015fedinte surogat. \u00cen cazul unui mandat de trei ani acest nepl\u0103cut eveniment s-ar reduce la jum\u0103tate.<\/p>\n<p>La articolul 27 litera a se spune c\u0103 onoratul consiliu modific\u0103 statutul ori de c\u00e2te ori e necesar. Haida de, chiar a\u015fa? Pentru stabilitate,statutul nu trebuie modificat dec\u00e2t cu prilejul Conferin\u0163ei Na\u0163ionale la trei ani. \u00a0De asemenea, cuantumul cotiza\u0163iei de la litera i, comitetul executiv de la litera b, comisia de validare \u015fi excludere, comisia social\u0103, comisia de onoare \u015fi juriul USR trebuie supuse votului secret al Conferin\u0163ei Na\u0163ionale care s\u0103 se \u0163in\u0103 odat\u0103 la trei ani. Tot Conferin\u0163a Na\u0163ional\u0103 trebuie s\u0103 aprobe organigrama direc\u0163iei administrative, s\u0103 aprobe regulamentul de func\u0163ionare al comisiilor speciale de la punctele j \u015fi k. S-ar elimina astfel toate clo\u015fc\u0103riile pe care le mai vedem ast\u0103zi \u00een breasla noastr\u0103. Iar reducerea mandatului de la 5 la trei ani ar da posibilitatea ca \u00een trei decenii de existen\u0163\u0103 activ\u0103 a unui scriitor s\u0103 existe zece posibilit\u0103\u0163i de \u00eendep\u0103rtare \u015fi corijare al relelor ce ne b\u00e2ntuie uniunea, fa\u0163\u0103 de numai 6 ori \u00een mandantul de 5 ani.<\/p>\n<p>S\u0103 nu excludem \u015fi posibilitatea ca \u00een dou\u0103 mandate de cinci ani \u00eenc\u0103pute pe m\u00e2na unui r\u0103uvoitor breasla s\u0103 fie distrus\u0103 f\u0103r\u0103 putin\u0163\u0103 de \u00eempotrivire al membrilor s\u0103i.<\/p>\n<p>C\u00e2t prive\u015fte articolul 29 unde se vorbe\u015fte de problemele financiare, salarii angaj\u0103ri, etc. cred c\u0103 ar trebui s\u0103 existe stipulate c\u00e2teva cifre privind un maximul de salariu, un minimum de preg\u0103tire \u00een domeniu \u015fi mai ales s\u0103 se stabileasc\u0103 responsabilit\u0103\u0163i \u00een caz de neducere la \u00eendeplinire \u015fi de nerespectare a sumelor prev\u0103zute \u00een buget aprobat de Consiliul Na\u0163ional odat\u0103 la trei ani \u015fi raportat statistic anual de comitetul executiv a\u015fa cum prev\u0103d legile \u00een vigoare din Rom\u00e2nia.<\/p>\n<p>\u00cen sf\u00e2r\u015fit la articolul 31 pre\u015fedintele este ales pe un mandat de 5 ani. \u015ei dac\u0103 avem parte ca el s\u0103 mai de\u0163in\u0103 vreo func\u0163ie care s\u0103-i m\u0103n\u00e2nce timpul pentru care Uniunea Scriitorilor\u00a0 d\u0103 \u015fi banii aferen\u0163i a\u015fa cum avem nenorocul \u00een prezent atunci s\u0103 te \u0163ii coeren\u0163\u0103 \u015fi dragoste fratern\u0103 \u00eentre bresla\u015fii uniunii. M\u0103car dac\u0103 ar fi fost propunerea pe trei ani. Iar vicepre\u015fedin\u0163i de ce s\u0103 fie ale\u015fi \u00een bloc de c\u0103tre pre\u015fedinte? Adic\u0103 el ne propune 3 yesmani \u015fi noi s\u0103-i vot\u0103m. Nu fr\u0103\u0163ioare vicepre\u015fedin\u0163ii s\u0103 aib\u0103 \u015fi ei libertatea de ac\u0163iune dat\u0103 prin vot de Consiliul Na\u0163ional \u00een mod democratic, la concuren\u0163\u0103 pentru a fi obligat s\u0103 dea seam\u0103 nu numai \u00een fa\u0163a pre\u015fedintelui c\u0103ruia de regul\u0103 \u00eei jur\u0103 supunere \u00een culisele de dinaintea vot\u0103rii sale ci s\u0103 vin\u0103 cu programe serioase pentru ap\u0103rarea breslei \u015fi a prestigiului \u015fi a deontologiei de care se face vorbire p\u00e2n\u0103 \u015fi \u00een aceast\u0103 propunere de statut.<\/p>\n<p>La articolul 35 pre\u015fedintele \u015fi vicepre\u015fedin\u0163ii primesc indemniza\u0163ii lunare \u00een func\u0163ie de buget. Adic\u0103 ori ce sum\u0103 e permis\u0103, iar consiliul na\u0163ional s\u0103 n-o voteze. Dar iar s\u0103 vot\u0103m noi o sum\u0103 de maximum 50 de milioane vechi lunar pentru noi \u015fi 30 de milioane pentru vicepre\u015fedin\u0163i \u015fi s\u0103 vezi cum scade pofta unora de a mai candida \u015fi a ne reprezenta interesele \u015fi deontologia breslei. Ce zice\u0163i nu-i mai moral a\u015fa?<\/p>\n<p>Nu m\u0103 bag la organizarea asocia\u0163iilor \u015fi sec\u0163iilor pentru c\u0103 nu mai am spa\u0163iu \u015fi timp dar pot sugera \u00eenfiin\u0163area unei categorii de Mecena ai Uniunii Scriitorilor pentru situa\u0163ia \u00een care vreun miliardar b\u0103\u015ftina\u015f s-ar \u00eencumeta s\u0103 ne \u00eendestuleze via\u0163a de scriitor.<\/p>\n<p>\u015ei dac\u0103 tot am fost recunoscu\u0163i ca persoan\u0103 juridic\u0103 de utilitate public\u0103 \u00eenc\u0103 din 1949 prin decretul 267 nu v\u0103d de ce la articolul 54 venituri atrase nu s-ar specifica \u015fi sumele dirijate de guvernul Rom\u00e2niei breslei noastre pentru a ne efectua \u00een bune condi\u0163iuni toate activit\u0103\u0163ile propuse \u00een acest statut.<\/p>\n<p>M\u0103 opresc aici, sper\u00e2nd ca prin umila mea contribu\u0163ie la acest proiect de statut s\u0103 st\u00e2rnesc \u015fi-n r\u00e2ndul celorlal\u0163i colegi de breasl\u0103 un c\u00e2t de mic interes pentru propuneri menite s\u0103 \u00eembun\u0103t\u0103\u0163easc\u0103 \u015fi s\u0103 apere demnitatea scriitorului rom\u00e2n,aflat \u00eentr-o situa\u0163ie din ce \u00een ce mai precar\u0103 care-l silesc s\u0103 abdice tocmai de la libertatea de expresie \u015fi demnitate uman\u0103 de teama de a nu-\u015fi vedea volumul tradus, opera tip\u0103rit\u0103 \u015fi promovat\u0103 cu onestitate de cei pe care el \u00eei alege prin reprezentan\u0163i sau nu, cu credin\u0163a c\u0103 a f\u0103cut un lucru bun pentru \u0163ar\u0103 \u015fi neam. Nu spun vorbe mari ci a\u015ftern pe h\u00e2rtie doar sim\u0163irile mele oneste \u015fi pe care nu m\u0103 ru\u015finez \u00eenc\u0103 s\u0103 le sus\u0163in.<\/p>\n<p>Vizitati www.oglindaliterara.ro daca doriti sa publicati un comentariu la statutul USR ce se va vota de Comitet in luna viitoare.Iscaliti si dvs, propuneti ceea ce credeti ca va apara interesele. Nu treceti indiferenti peste aceasta problema.Cine are Statutul in proiect al USR in format electronic, este rugat sa-l ataseze la comentarii.<\/p>\n<p>Cu tot dragul,<\/p>\n<p>Gheorghe Andrei Neagu<\/p>\n","protected":false},"excerpt":{"rendered":"<p>reproducem mai jos un\u00a0mesaj primit la\u00a0redactie\u00a0 \u201eCu statutul nostru-n frunte, vom avea victorii multe\u201d Printr-o fericit\u0103 \u00eent\u00e2mplare mi-a c\u0103zut \u00een m\u00e2n\u0103 proiectul de statut al USR.<\/p>\n","protected":false},"author":1,"featured_media":0,"comment_status":"open","ping_status":"open","sticky":false,"template":"","format":"standard","meta":{"_jetpack_memberships_contains_paid_content":false,"footnotes":"","jetpack_publicize_message":"","jetpack_publicize_feature_enabled":true,"jetpack_social_post_already_shared":false,"jetpack_social_options":{"image_generator_settings":{"template":"highway","default_image_id":0,"font":"","enabled":false},"version":2}},"categories":[21],"tags":[],"class_list":["post-64","post","type-post","status-publish","format-standard","hentry","category-polemice"],"jetpack_publicize_connections":[],"jetpack_featured_media_url":"","jetpack_sharing_enabled":true,"_links":{"self":[{"href":"https:\/\/blog.egophobia.ro\/index.php?rest_route=\/wp\/v2\/posts\/64","targetHints":{"allow":["GET"]}}],"collection":[{"href":"https:\/\/blog.egophobia.ro\/index.php?rest_route=\/wp\/v2\/posts"}],"about":[{"href":"https:\/\/blog.egophobia.ro\/index.php?rest_route=\/wp\/v2\/types\/post"}],"author":[{"embeddable":true,"href":"https:\/\/blog.egophobia.ro\/index.php?rest_route=\/wp\/v2\/users\/1"}],"replies":[{"embeddable":true,"href":"https:\/\/blog.egophobia.ro\/index.php?rest_route=%2Fwp%2Fv2%2Fcomments&post=64"}],"version-history":[{"count":0,"href":"https:\/\/blog.egophobia.ro\/index.php?rest_route=\/wp\/v2\/posts\/64\/revisions"}],"wp:attachment":[{"href":"https:\/\/blog.egophobia.ro\/index.php?rest_route=%2Fwp%2Fv2%2Fmedia&parent=64"}],"wp:term":[{"taxonomy":"category","embeddable":true,"href":"https:\/\/blog.egophobia.ro\/index.php?rest_route=%2Fwp%2Fv2%2Fcategories&post=64"},{"taxonomy":"post_tag","embeddable":true,"href":"https:\/\/blog.egophobia.ro\/index.php?rest_route=%2Fwp%2Fv2%2Ftags&post=64"}],"curies":[{"name":"wp","href":"https:\/\/api.w.org\/{rel}","templated":true}]}}