{"id":677,"date":"2009-06-26T13:03:49","date_gmt":"2009-06-26T11:03:49","guid":{"rendered":"http:\/\/egophobia.dap.ro\/?p=677"},"modified":"2009-06-26T13:03:49","modified_gmt":"2009-06-26T11:03:49","slug":"expozitia-50-ani-de-la-procesul-si-executia-grupului-toma-arnautoiu","status":"publish","type":"post","link":"https:\/\/blog.egophobia.ro\/?p=677","title":{"rendered":"Expozitia: &quot;50 ANI DE LA PROCESUL SI EXECUTIA GRUPULUI TOMA ARNAUTOIU&quot;"},"content":{"rendered":"<p>am primit la redactie:<\/p>\n<blockquote><p>Stimate doamne\/Stimati domni,<br \/>\n\u00a0<br \/>\nNe-am luat permisiunea de a va transmite\u00a0cateva date despre\u00a0Expozitia: &#8222;50 ANI DE LA PROCESUL SI EXECUTIA MEMBRILOR GRUPULUI DE REZISTENTA CONDUS DE TOMA ARNAUTOIU&#8221; al carei vernisaj va avea loc\u00a0s\u00e2mb\u0103t\u0103 27.06.2009, ora 11,\u00a0la Galeria Arta din C\u00e2mpulung Muscel.<!--more--><\/p>\n<p># invitatia in format <a href=\"http:\/\/www.fileden.com\/getfile.php?file_path=http:\/\/www.fileden.com\/files\/2008\/3\/18\/1822051\/blog\/invitatie.pdf\">pdf<\/a><\/p>\n<p>Cu stima,<br \/>\nIoan Craciun<br \/>\nDirector Editura Ars Docendi-Universitatea din Bucuresti<br \/>\nTel. 021 410 25 75; 0744 390 654<\/p><\/blockquote>\n","protected":false},"excerpt":{"rendered":"<p>am primit la redactie: Stimate doamne\/Stimati domni, \u00a0 Ne-am luat permisiunea de a va transmite\u00a0cateva date despre\u00a0Expozitia: &#8222;50 ANI DE LA PROCESUL SI EXECUTIA MEMBRILOR GRUPULUI DE REZISTENTA CONDUS DE TOMA ARNAUTOIU&#8221; al carei vernisaj va avea loc\u00a0s\u00e2mb\u0103t\u0103 27.06.2009, ora 11,\u00a0la Galeria Arta din C\u00e2mpulung Muscel.<\/p>\n","protected":false},"author":1,"featured_media":0,"comment_status":"open","ping_status":"open","sticky":false,"template":"","format":"standard","meta":{"_jetpack_memberships_contains_paid_content":false,"footnotes":"","jetpack_publicize_message":"","jetpack_publicize_feature_enabled":true,"jetpack_social_post_already_shared":false,"jetpack_social_options":{"image_generator_settings":{"template":"highway","default_image_id":0,"font":"","enabled":false},"version":2}},"categories":[4],"tags":[83,121,274],"class_list":["post-677","post","type-post","status-publish","format-standard","hentry","category-anunturi-culturale","tag-comunism","tag-expozitie","tag-toma-arnautoiu"],"jetpack_publicize_connections":[],"jetpack_featured_media_url":"","jetpack_sharing_enabled":true,"_links":{"self":[{"href":"https:\/\/blog.egophobia.ro\/index.php?rest_route=\/wp\/v2\/posts\/677","targetHints":{"allow":["GET"]}}],"collection":[{"href":"https:\/\/blog.egophobia.ro\/index.php?rest_route=\/wp\/v2\/posts"}],"about":[{"href":"https:\/\/blog.egophobia.ro\/index.php?rest_route=\/wp\/v2\/types\/post"}],"author":[{"embeddable":true,"href":"https:\/\/blog.egophobia.ro\/index.php?rest_route=\/wp\/v2\/users\/1"}],"replies":[{"embeddable":true,"href":"https:\/\/blog.egophobia.ro\/index.php?rest_route=%2Fwp%2Fv2%2Fcomments&post=677"}],"version-history":[{"count":0,"href":"https:\/\/blog.egophobia.ro\/index.php?rest_route=\/wp\/v2\/posts\/677\/revisions"}],"wp:attachment":[{"href":"https:\/\/blog.egophobia.ro\/index.php?rest_route=%2Fwp%2Fv2%2Fmedia&parent=677"}],"wp:term":[{"taxonomy":"category","embeddable":true,"href":"https:\/\/blog.egophobia.ro\/index.php?rest_route=%2Fwp%2Fv2%2Fcategories&post=677"},{"taxonomy":"post_tag","embeddable":true,"href":"https:\/\/blog.egophobia.ro\/index.php?rest_route=%2Fwp%2Fv2%2Ftags&post=677"}],"curies":[{"name":"wp","href":"https:\/\/api.w.org\/{rel}","templated":true}]}}