{"id":697,"date":"2009-07-03T15:45:33","date_gmt":"2009-07-03T13:45:33","guid":{"rendered":"http:\/\/egophobia.dap.ro\/?p=697"},"modified":"2009-07-03T15:45:33","modified_gmt":"2009-07-03T13:45:33","slug":"invitatie-de-participare-la-concursul-costache-conachi","status":"publish","type":"post","link":"https:\/\/blog.egophobia.ro\/?p=697","title":{"rendered":"Invitatie de participare la concursul Costache Conachi"},"content":{"rendered":"<p>am primit la redactie:<\/p>\n<p>MINISTERUL CULTURII \u015eI CULTELOR                        CONSILIUL JUDE\u0162ULUI GALA\u0162I<\/p>\n<p>DIREC\u0162IA PENTRU CULTUR\u0102,CULTE \u015eI                                           CENTRUL  CULTURAL<\/p>\n<p>PATRIMONIU CULTURAL NA\u0162IONAL                                                 \u201cDUN\u0102REA DE JOS\u2019\u2019<\/p>\n<p>                    GALA\u0162I<\/p>\n<p>PRIM\u0102RIA MUNICIPIULUI TECUCI                              MUZEUL LITERATURII ROM\u00c2NE<\/p>\n<p>CASA   DE    CULTUR\u0102                                                                              IA\u015eI<br \/>\nREGULAMENTUL<br \/>\nFestivalului concurs de poezie<\/p>\n<p>\u201cCostache Conachi\u201d\u2019<\/p>\n<p>edi\u0163ia a XVII-a<\/p>\n<p>     \u00cen zilele de 2 &#8211; 3 octombrie 2009, Casa de Cultur\u0103 a municipiului Tecuci organizeaz\u0103 cea de a XVII-a edi\u0163ie a Festivalului concurs de poezie \u201eCostache Conachi\u2019\u2019.<!--more--><\/p>\n<p>     Concuren\u0163ii : la aceast\u0103 manifestare cultural\u0103 pot participa tineri creatori de poezie \u00een v\u00e2rst\u0103 de p\u00e2n\u0103 la 35 de ani, care nu au publicat \u00een volum. Concuren\u0163ii vor trimite un num\u0103r de zece poezii,\u00een c\u00e2te cinci exemplare, care vor purta fiecare, acela\u015fi moto de identificare. \u00centr-un alt plic \u00eenchis, pe care va fi \u00eenscris moto-ul de la poezii, participan\u0163ii vor introduce o fi\u015f\u0103 cu c\u00e2teva date personale : numele \u015fi prenumele, data \u015fi locul na\u015fterii, domiciliul, ocupa\u0163ia, studiile, distinc\u0163ii literare, telefon, etc.<\/p>\n<p>     Plicurile cu fi\u015fa personal\u0103 se vor deschide dup\u0103 jurizarea poeziilor \u015fi stabilirea premiilor.<\/p>\n<p>     Lucr\u0103rile vor fi expediate p\u00e2n\u0103 la data de 15 septembrie 2009  &#8211; data po\u015ftei &#8211;  pe urm\u0103toarea adres\u0103 :<\/p>\n<p>     Casa de Cultur\u0103 a municipiului Tecuci,<\/p>\n<p>     Str. 1 Decembrie 1918, nr. 62, cod 805300, jud. Gala\u0163i,<\/p>\n<p>     cu men\u0163iunea \u201cPentru concursul na\u0163ional de poezie \u201eC. Conachi\u201d<\/p>\n<p>     Rela\u0163ii la tel. 0236\/820 449; 0723\/289 695<\/p>\n<p>     e-mail : culturatecuci@gmail.com<\/p>\n<p>     Jurizarea : lucr\u0103rile vor fi apreciate de un juriu, constituit din personalit\u0103\u0163i ale criticii literare romane\u015fti \u015fi ale vie\u0163ii culturale locale, care va desemna laurea\u0163ii festivalului.<\/p>\n<p>     Premiile : concuren\u0163ii stabili\u0163i c\u00e2\u015ftig\u0103tori vor fi invita\u0163i la Tecuci, \u00een zilele  de 2-3 oct. 2009, la manifest\u0103rile organizate cu prilejul Festivalului Na\u0163ional de poezie \u201cCostache Conachi\u201d.<\/p>\n<p>Organizatorii  vor  acorda  urm\u0103toarele  premii  \u00een  numerar :<\/p>\n<p>       Marele premiu                                         700 lei<\/p>\n<p>       Premiul  I                                                 500 lei<br \/>\n       Premiul  II                                               400 lei<br \/>\n       Premiul  III                                              300 lei<\/p>\n<p>Vor mai fi oferite premii din partea unor edituri sau reviste literare.<\/p>\n<p>Juriul \u00ee\u015fi rezerv\u0103 dreptul de a redistribui, \u00een mod excep\u0163ional, anumite premii.<\/p>\n<p>Cazarea, transportul \u015fi masa (diurna) vor fi suportate de  organizatori.<\/p>\n<p>    Laurea\u0163ii vor fi prezen\u0163i personal la Tecuci, pentru a primi premiile stabilite de juriu \u015fi pentru a participa la manifest\u0103rile organizate cu prilejul Festivalului concurs de poezie \u201cCostache Conachi\u201d.<\/p>\n<p>                   Director,<\/p>\n<p>                   Viorel Burlacu<\/p>\n","protected":false},"excerpt":{"rendered":"<p>am primit la redactie: MINISTERUL CULTURII \u015eI CULTELOR CONSILIUL JUDE\u0162ULUI GALA\u0162I DIREC\u0162IA PENTRU CULTUR\u0102,CULTE \u015eI CENTRUL CULTURAL PATRIMONIU CULTURAL NA\u0162IONAL \u201cDUN\u0102REA DE JOS\u2019\u2019 GALA\u0162I PRIM\u0102RIA MUNICIPIULUI TECUCI MUZEUL LITERATURII ROM\u00c2NE CASA DE CULTUR\u0102 IA\u015eI REGULAMENTUL Festivalului concurs de poezie \u201cCostache Conachi\u201d\u2019 edi\u0163ia a XVII-a \u00cen zilele de 2 &#8211; 3 octombrie 2009, Casa de Cultur\u0103 [&hellip;]<\/p>\n","protected":false},"author":3,"featured_media":0,"comment_status":"open","ping_status":"open","sticky":false,"template":"","format":"standard","meta":{"_jetpack_memberships_contains_paid_content":false,"footnotes":"","jetpack_publicize_message":"","jetpack_publicize_feature_enabled":true,"jetpack_social_post_already_shared":false,"jetpack_social_options":{"image_generator_settings":{"template":"highway","default_image_id":0,"font":"","enabled":false},"version":2}},"categories":[4],"tags":[85,91,209],"class_list":["post-697","post","type-post","status-publish","format-standard","hentry","category-anunturi-culturale","tag-concurs","tag-costache-conachi","tag-poezie"],"jetpack_publicize_connections":[],"jetpack_featured_media_url":"","jetpack_sharing_enabled":true,"_links":{"self":[{"href":"https:\/\/blog.egophobia.ro\/index.php?rest_route=\/wp\/v2\/posts\/697","targetHints":{"allow":["GET"]}}],"collection":[{"href":"https:\/\/blog.egophobia.ro\/index.php?rest_route=\/wp\/v2\/posts"}],"about":[{"href":"https:\/\/blog.egophobia.ro\/index.php?rest_route=\/wp\/v2\/types\/post"}],"author":[{"embeddable":true,"href":"https:\/\/blog.egophobia.ro\/index.php?rest_route=\/wp\/v2\/users\/3"}],"replies":[{"embeddable":true,"href":"https:\/\/blog.egophobia.ro\/index.php?rest_route=%2Fwp%2Fv2%2Fcomments&post=697"}],"version-history":[{"count":0,"href":"https:\/\/blog.egophobia.ro\/index.php?rest_route=\/wp\/v2\/posts\/697\/revisions"}],"wp:attachment":[{"href":"https:\/\/blog.egophobia.ro\/index.php?rest_route=%2Fwp%2Fv2%2Fmedia&parent=697"}],"wp:term":[{"taxonomy":"category","embeddable":true,"href":"https:\/\/blog.egophobia.ro\/index.php?rest_route=%2Fwp%2Fv2%2Fcategories&post=697"},{"taxonomy":"post_tag","embeddable":true,"href":"https:\/\/blog.egophobia.ro\/index.php?rest_route=%2Fwp%2Fv2%2Ftags&post=697"}],"curies":[{"name":"wp","href":"https:\/\/api.w.org\/{rel}","templated":true}]}}