{"id":74,"date":"2008-07-28T23:28:10","date_gmt":"2008-07-29T04:28:10","guid":{"rendered":"http:\/\/egophobia.dap.ro\/?p=74"},"modified":"2008-07-28T23:28:10","modified_gmt":"2008-07-29T04:28:10","slug":"filmul-elevator-ruleaza-in-club-fabrica","status":"publish","type":"post","link":"https:\/\/blog.egophobia.ro\/?p=74","title":{"rendered":"Filmul &quot;Elevator&quot; ruleaz\u0103 \u00een Club Fabrica"},"content":{"rendered":"<p>&#8230;primit la redactie&#8230;<\/p>\n<blockquote><p>Lung metrajul independent Elevator a primit anul acesta &#8222;Premiul pentru debut \u00een filmul rom\u00e2nesc&#8221; la Festivalul Interna\u0163ional de Film Transilvania. Filmul a mai fost selectat la International Film Festival of Uruguay, Festivalul Interna\u0163ional al Produc\u0103torilor de Film Independen\u0163i (Romania), Auburn Film Festival (Australia), \u015fi Fresh Film Fest (Cehia).<\/p>\n<p>Filmul spune povestea a doi adolescen\u0163i, un b\u0103iat \u015fi o fat\u0103, care vor s\u0103 se izoleze de lume pentru un timp \u015fi \u00eencearc\u0103 o escapad\u0103 romantic\u0103 \u00eentr-o fabric\u0103 p\u0103r\u0103sit\u0103 de la marginea ora\u015fului. Dar situa\u0163ia devine dramatic\u0103 atunci c\u00eend cei doi r\u0103m\u00een bloca\u0163i \u00een liftul de marf\u0103, f\u0103r\u0103 semnal la telefon, f\u0103r\u0103 nimeni \u00een jur s\u0103-i aud\u0103, f\u0103r\u0103 ap\u0103 \u015fi f\u0103r\u0103 m\u00eencare. <!--more--><\/p>\n<p>Elevator este o produc\u0163ie low-budget, cu un scenariu scris de Gabriel Pintilei, bazat pe piesa lui de teatru omonim\u0103.<\/p>\n<p>\u201eDuce\u0163i-v\u0103 \u015fi vede\u0163i Elevator de cum apare \u015fi pe urm\u0103 st\u0103m de vorb\u0103.\u201d &#8211; Cristian Tudor Popescu &#8211; Gandul, luni 9 iunie<\/p>\n<p>\u201eElevator te \u021bine \u00een priz\u0103 pre\u021b de 85 de minute, p\u00een\u0103 la finalul la care nici nu-\u021bi vine s\u0103 crezi c\u0103 e\u0219ti martor.\u201d &#8211; Mihai Chirilov, critic de film, director TIFF &#8211; despre Zilele Filmului Romanesc<br \/>\n<a target=\"_blank\" href=\"http:\/\/s158.photobucket.com\/albums\/t103\/egophobia\/blog\/?action=view&amp;current=fabrica_elevator_460x650.jpg\"><img decoding=\"async\" alt=\"Photobucket\" border=\"0\" src=\"http:\/\/i158.photobucket.com\/albums\/t103\/egophobia\/blog\/fabrica_elevator_460x650.jpg\" \/><\/a><\/p>\n<p>Distribu\u0163ie:<br \/>\nCristi Petrescu, Iulia Verde\u015f<\/p>\n<p>Echipa filmului:<br \/>\nGabriel Pintilei (scenariu, produc\u0163ie, casting)<br \/>\nAda Milea (muzic\u0103)<br \/>\nFlorin Piersic Jr. (consultant tehnic post-produc\u0163ie)<br \/>\nAlexandra M. P\u0103un (produc\u0163ie)<br \/>\nGeorge Doroban\u0163u (imagine, montaj, regie)<\/p>\n<p>Elevator va avea premiera pentru publicul bucure\u015ftean joi, 31 iulie, ora 19:00, la Club Fabrica (str. 11 iunie nr. 50, \u00eentre Dealul Mitropoliei \u015fi Parcul Carol). Pre\u0163ul biletului este 7 lei.<\/p>\n<p>Pentru detalii: www.elevator.ro<\/p><\/blockquote>\n","protected":false},"excerpt":{"rendered":"<p>&#8230;primit la redactie&#8230; Lung metrajul independent Elevator a primit anul acesta &#8222;Premiul pentru debut \u00een filmul rom\u00e2nesc&#8221; la Festivalul Interna\u0163ional de Film Transilvania. Filmul a mai fost selectat la International Film Festival of Uruguay, Festivalul Interna\u0163ional al Produc\u0103torilor de Film Independen\u0163i (Romania), Auburn Film Festival (Australia), \u015fi Fresh Film Fest (Cehia). Filmul spune povestea a [&hellip;]<\/p>\n","protected":false},"author":1,"featured_media":0,"comment_status":"open","ping_status":"open","sticky":false,"template":"","format":"standard","meta":{"_jetpack_memberships_contains_paid_content":false,"footnotes":"","jetpack_publicize_message":"","jetpack_publicize_feature_enabled":true,"jetpack_social_post_already_shared":false,"jetpack_social_options":{"image_generator_settings":{"template":"highway","default_image_id":0,"font":"","enabled":false},"version":2}},"categories":[4],"tags":[],"class_list":["post-74","post","type-post","status-publish","format-standard","hentry","category-anunturi-culturale"],"jetpack_publicize_connections":[],"jetpack_featured_media_url":"","jetpack_sharing_enabled":true,"_links":{"self":[{"href":"https:\/\/blog.egophobia.ro\/index.php?rest_route=\/wp\/v2\/posts\/74","targetHints":{"allow":["GET"]}}],"collection":[{"href":"https:\/\/blog.egophobia.ro\/index.php?rest_route=\/wp\/v2\/posts"}],"about":[{"href":"https:\/\/blog.egophobia.ro\/index.php?rest_route=\/wp\/v2\/types\/post"}],"author":[{"embeddable":true,"href":"https:\/\/blog.egophobia.ro\/index.php?rest_route=\/wp\/v2\/users\/1"}],"replies":[{"embeddable":true,"href":"https:\/\/blog.egophobia.ro\/index.php?rest_route=%2Fwp%2Fv2%2Fcomments&post=74"}],"version-history":[{"count":0,"href":"https:\/\/blog.egophobia.ro\/index.php?rest_route=\/wp\/v2\/posts\/74\/revisions"}],"wp:attachment":[{"href":"https:\/\/blog.egophobia.ro\/index.php?rest_route=%2Fwp%2Fv2%2Fmedia&parent=74"}],"wp:term":[{"taxonomy":"category","embeddable":true,"href":"https:\/\/blog.egophobia.ro\/index.php?rest_route=%2Fwp%2Fv2%2Fcategories&post=74"},{"taxonomy":"post_tag","embeddable":true,"href":"https:\/\/blog.egophobia.ro\/index.php?rest_route=%2Fwp%2Fv2%2Ftags&post=74"}],"curies":[{"name":"wp","href":"https:\/\/api.w.org\/{rel}","templated":true}]}}