{"id":747,"date":"2009-08-18T11:18:28","date_gmt":"2009-08-18T09:18:28","guid":{"rendered":"http:\/\/egophobia.dap.ro\/?p=747"},"modified":"2009-08-18T11:18:28","modified_gmt":"2009-08-18T09:18:28","slug":"literatura-virtuala-se-maturizeaza","status":"publish","type":"post","link":"https:\/\/blog.egophobia.ro\/?p=747","title":{"rendered":"Literatura virtual\u0103 se maturizeaz\u0103"},"content":{"rendered":"<p align=\"justify\">C\u00e2t a fost prim\u0103vara de lung\u0103, am pretins, am prezis \u015fi, bazat pe ele, am teoretizat diferen\u0163a fundamental\u0103 dintre literatura eminamente tradi\u0163ional\u0103, tip\u0103rit\u0103 pe h\u00e2rtie \u015fi cea esen\u0163ial virtual\u0103, publicat\u0103 online, deduc\u00e2nd \u015fi extr\u0103g\u00e2nd din analizele mele diferen\u0163iatoare numitorul comun \u015fi cheia estetic-ontologic\u0103 a literaturii virtuale <em>per se<\/em>. Concluzia la care ajunsesem (\u015fi pe care \u00eenc\u0103 n-am p\u0103r\u0103sit-o) a fost c\u0103 literatura strict virtual\u0103 nu mai trebuie s\u0103 fie deloc postum\u0103; c\u0103 ea poate s\u0103 fie (\u015fi trebuie s\u0103 fie astfel pentru a nu ie\u015fi din categoria literaturii virtuale) exclusiv antum\u0103. Mai teoretizam, bazat pe ce pretinsesem \u015fi prezisesem \u00eenainte, c\u0103 aceast\u0103 literatur\u0103 antum\u0103, pe care am elevat-o, taxonomic, la gradul de literatur\u0103 eminamente virtual\u0103, nu trebuie s\u0103 fi fost produs\u0103 numai pe suport digital ca s\u0103 fie literatur\u0103 virtual\u0103 autentic\u0103, \u015fi c\u0103 trebuie \u2013 doar \u2013 s\u0103 fie publicat\u0103 de autorul ei antum, \u00een consecin\u0163\u0103, direct de autorul ei \u2013 \u015fi enumeram, printre posibilele medii de publicare care permit publicarea exclusiv antum\u0103, blogul.<!--more--><\/p>\n<p align=\"justify\">Iat\u0103 c\u0103 acum dou\u0103 zile tot efortul meu teoretic s-a adeverit \u015fi \u00een practic\u0103. \u00cen realitatea curent\u0103 a literaturii contemporane, ce-am pretins \u015fi ce-am prezis eu c\u0103 trebuie (cu necesitate) s\u0103 fie literatur\u0103 strict virtual\u0103 a c\u00e2\u015ftigat o mostr\u0103 concret\u0103 de literatur\u0103 virtual\u0103 (exclusiv antum\u0103). Pentru prima dat\u0103, iat\u0103 c\u0103 am dovezi clare c\u0103 literatura virtual\u0103 nu numai c\u0103 exist\u0103 (cum e \u015fi firesc s\u0103 existe), dar exist\u0103 conform teoriei mele despre literatura virtual\u0103, a\u015fa cum am desf\u0103\u015furat-o \u015fi detaliat-o \u00een textele mele teoretice despre ea.<\/p>\n<p align=\"justify\">Conceptul meu despre literatura virtual\u0103 a fost scos din obscuritatea lui pur abstract\u0103 \u015fi demonstrat ca viabil de ultima postare a lui \u015etefan Bolea pe blogul s\u0103u personal: <em><a href=\"http:\/\/noapteainstinctelor.wordpress.com\/2009\/08\/16\/my-1st-poem-d-generatie-1997\/\" target=\"_blank\">My 1st Poem: D-genera\u0163ie (1997)<\/a><\/em>, din 16 august 2009. Autorul a scotocit \u201eprin arhive\u201d \u015fi a g\u0103sit prima sa poezie, \u201eun text plin de flaws scris acum 12 ani\u201d, care, a\u015fa cum recunoa\u015fte el \u00eensu\u015fi, \u201ear putea fi considerat my 1st poem\u201d. Opera\u0163ia de scotocire a manuscriselor are mai multe sensuri, inclusiv cel care m\u0103 intereseaz\u0103 pe mine, de probare a existen\u0163ei literaturii virtuale \u00een felul \u00een care am teoretizat-o eu. Printre celelalte sensuri, mai importante sunt cele de aducere a trecutului \u00eentr-un prezent ce ar fi trebuit s\u0103 fie, mai mult ca sigur, postum \u00een raport cu via\u0163a autorului (\u015fi acest sens e str\u00e2ns legat de sensul prim, \u00een viziunea mea) \u015fi de melancolie u\u015for subiectiv\u0103 a autorului fa\u0163\u0103 de crea\u0163ia sa timpurie.<\/p>\n<p align=\"justify\">\u00cen absen\u0163a literaturii virtuale, \u00eent\u00e2i ca posibilitate tehnic\u0103 \u015fi apoi ca manifestare estetic\u0103, mai mult ca sigur c\u0103 astfel de exemple de recuper\u0103ri manuscrise nu ar fi fost f\u0103cute de autorul respectivelor texte, ci de editorii postumi ai operei \u00een cauz\u0103. Faptul c\u0103 literatura exclusiv virtual\u0103 permite ca \u00eentreg corpul ei textual s\u0103 fie integral antum are \u015fi o \u00eensemn\u0103tate, s\u0103-i zic, pur volitiv\u0103: literatura virtual\u0103 le m\u0103re\u015fte autorilor controlul asupra propriilor lor opere \u015fi, \u00een consecin\u0163\u0103, \u00eei face pe autori mai con\u015ftien\u0163i de \u00eentreaga suprafa\u0163\u0103 a operei lor, inclusiv partea necanonic\u0103 sau, cum a metaforizat-o \u015etefan Bolea at\u00e2t de sugestiv, cea din \u201evolumul 0\u201d. Prin literatura eminamente virtual\u0103, \u00eens\u0103\u015fi no\u0163iunea de manuscris se va schimba (manuscrisul \u00ee\u015fi va schimba at\u00e2t datele tehnice, c\u00e2t \u015fi cele semantice) \u015fi tot prin literatura virtual\u0103 se va modifica (probabil mai consistent dec\u00e2t pare la prima vedere) \u015fi natura debutului literar. Dac\u0103 p\u00e2n\u0103 la apari\u0163ia literaturii virtuale (\u00een forma \u00een care am teoretizat-o eu \u015fi \u00een care \u015etefan Bolea i-a demonstrat viabilitatea concret\u0103) debutul era fix \u015fi obiectiv, odat\u0103 cu literatura virtual\u0103, practic nu mai putem vorbi despre debut literar, de vreme ce grani\u0163ele sale temporale sunt acum lichide \u015fi subiective. Prima poezie a lui \u015etefan Bolea este un astfel de exemplu de recuperare a textelor pre-debut \u015fi de \u00eenglobare a lor \u00eentr-un sens al debutului literar consistent \u00eembog\u0103\u0163it din punct de vedere temporal, \u00eens\u0103, \u00een acest caz, mai am un exemplu c\u0103 lucrurile stau \u00eentocmai \u00een leg\u0103tur\u0103 cu institu\u0163ia debutului literar, pe care literatura exclusiv virtual\u0103 o submineaz\u0103.<\/p>\n<p align=\"justify\">Al doilea exemplu este chiar debutul meu literar, care e, \u00een fapt, dublu, numai c\u0103, oficial, numai cel de-al doilea e recunoscut ca atare. Prima parte a debutului meu a avut loc cu 5 ani \u00eenaintea debutului meu pe care cel pu\u0163in eu \u00eel consider ca fiind adev\u0103rat. A avut loc \u00een iunie 1996 \u015fi nu s-a materializat \u00een forma unei proze sau a unui eseu, ci \u00een forma unei poezii scrise \u00een ziua \u00een care am \u00eemplinit 18 ani, \u00een limba englez\u0103. Dac\u0103 vreau s\u0103-mi validez propriile teorii despre literatura virtual\u0103 \u015fi cu un exemplu personal, atunci aceast\u0103 poezie, pe care am scris-o \u00een prima zi din via\u0163a mea de proasp\u0103t matur, emo\u0163ionat de semnifica\u0163ia noii vie\u0163i \u015fi pu\u0163in stresat de noile responsabilit\u0103\u0163i ale noii mele vie\u0163i, este un exemplu c\u00e2t se poate de potrivit \u015fi ilustrativ. A\u015fa cum spune \u015fi \u015etefan Bolea \u00een postarea sa, \u00een care \u00ee\u015fi recupereaz\u0103 propria postumitate, \u00eenglob\u00e2nd-o \u00een actuala lui antumitate, \u201ee amuzant\u201d s\u0103 vezi diferen\u0163ele dintre cum scriai atunci \u015fi cum scrii acum. La fel, probabil c\u0103 e \u015fi reconfortant s\u0103 \u015ftii c\u0103 <em>time is on your side<\/em> \u015fi c\u0103 \u201etotu\u015fi trecutul exist\u0103, la fel (r)evolu\u0163ia\u201d. Iar aceste sentimente mixte de amuzament \u015fi de confort intelectual nu \u00eenseamn\u0103 dec\u00e2t c\u0103 literatura virtual\u0103, pentru c\u0103 nu poate fi a\u015fa dec\u00e2t exclusiv antum\u0103, re-contextualizeaz\u0103 trecutul \u00eenainte de a-l recupera \u015fi re-condi\u0163iona estetic, dar \u00een alt\u0103 categorie estetic\u0103 (poezia lui \u015etefan Bolea sau a mea nu mai sunt relevante din punct de vedere poetic, ci memorialistic) \u015fi opre\u015fte <em>(r)evolu\u0163ia<\/em> \u00een stadiul ei antum.<\/p>\n<p align=\"justify\">Am s\u0103-i urmez exemplul lui \u015etefan din postarea lui \u015fi am s\u0103-mi recuperez \u015fi eu partea cea mai \u00eendep\u0103rtat\u0103 \u00een timp a debutului meu literar schimb\u00e2ndu-i valoarea estetic\u0103 \u015fi d\u00e2ndu-i un \u015fi mai accentuat aspect antum. Iat\u0103 \u015fi prima mea poezie, plin\u0103 \u201ede flaws\u201d poetice, \u00eens\u0103 c\u00e2t de important\u0103 din punct de vedere memorialistic:<\/p>\n<p>\u00a0<\/p>\n<p><em><strong>Meanings<\/strong><\/em><\/p>\n<p><em>Birds have two wings,<\/em><br \/>\n<em>Kingdoms are ruled by kings,<\/em><br \/>\n<em>I myself have some things<\/em><br \/>\n<em>Named, long since, meanings.<\/em><\/p>\n<p><em>Why do birds fly?<\/em><br \/>\n<em>Why do kings lie?<\/em><br \/>\n<em>Meanings are to shout\u2019n\u2019cry:<\/em><br \/>\n<em>\u201cSo long, thinker, good-bye!\u201d<\/em><\/p>\n<p><em>Birds won\u2019t have two wings,<\/em><br \/>\n<em>Kingdoms won\u2019t be ruled by kings,<\/em><br \/>\n<em>I myself won\u2019t have some things<\/em><br \/>\n<em>Named, long since, meanings.<\/em><\/p>\n<p><em>They are to be handed in,<\/em><br \/>\n<em>They aren\u2019t the way that they have been,<\/em><br \/>\n<em>They\u2019re no more than the sin<\/em><br \/>\n<em>Of the age of eighteen.<\/em><\/p>\n<p>(Publicat \u00een <em>Romance<\/em>, June \u201996, Issue No. 5, [Publication funded by British Council Romania], p.10)<\/p>\n","protected":false},"excerpt":{"rendered":"<p>C\u00e2t a fost prim\u0103vara de lung\u0103, am pretins, am prezis \u015fi, bazat pe ele, am teoretizat diferen\u0163a fundamental\u0103 dintre literatura eminamente tradi\u0163ional\u0103, tip\u0103rit\u0103 pe h\u00e2rtie \u015fi cea esen\u0163ial virtual\u0103, publicat\u0103 online, deduc\u00e2nd \u015fi extr\u0103g\u00e2nd din analizele mele diferen\u0163iatoare numitorul comun \u015fi cheia estetic-ontologic\u0103 a literaturii virtuale per se. Concluzia la care ajunsesem (\u015fi pe care [&hellip;]<\/p>\n","protected":false},"author":4,"featured_media":0,"comment_status":"closed","ping_status":"open","sticky":false,"template":"","format":"standard","meta":{"_jetpack_memberships_contains_paid_content":false,"footnotes":"","jetpack_publicize_message":"","jetpack_publicize_feature_enabled":true,"jetpack_social_post_already_shared":false,"jetpack_social_options":{"image_generator_settings":{"template":"highway","default_image_id":0,"font":"","enabled":false},"version":2}},"categories":[295],"tags":[719,196],"class_list":["post-747","post","type-post","status-publish","format-standard","hentry","category-jurnal-eidotomic","tag-jurnal-eidotomic","tag-patrick-calinescu"],"jetpack_publicize_connections":[],"jetpack_featured_media_url":"","jetpack_sharing_enabled":true,"_links":{"self":[{"href":"https:\/\/blog.egophobia.ro\/index.php?rest_route=\/wp\/v2\/posts\/747","targetHints":{"allow":["GET"]}}],"collection":[{"href":"https:\/\/blog.egophobia.ro\/index.php?rest_route=\/wp\/v2\/posts"}],"about":[{"href":"https:\/\/blog.egophobia.ro\/index.php?rest_route=\/wp\/v2\/types\/post"}],"author":[{"embeddable":true,"href":"https:\/\/blog.egophobia.ro\/index.php?rest_route=\/wp\/v2\/users\/4"}],"replies":[{"embeddable":true,"href":"https:\/\/blog.egophobia.ro\/index.php?rest_route=%2Fwp%2Fv2%2Fcomments&post=747"}],"version-history":[{"count":0,"href":"https:\/\/blog.egophobia.ro\/index.php?rest_route=\/wp\/v2\/posts\/747\/revisions"}],"wp:attachment":[{"href":"https:\/\/blog.egophobia.ro\/index.php?rest_route=%2Fwp%2Fv2%2Fmedia&parent=747"}],"wp:term":[{"taxonomy":"category","embeddable":true,"href":"https:\/\/blog.egophobia.ro\/index.php?rest_route=%2Fwp%2Fv2%2Fcategories&post=747"},{"taxonomy":"post_tag","embeddable":true,"href":"https:\/\/blog.egophobia.ro\/index.php?rest_route=%2Fwp%2Fv2%2Ftags&post=747"}],"curies":[{"name":"wp","href":"https:\/\/api.w.org\/{rel}","templated":true}]}}