{"id":755,"date":"2009-08-18T20:11:45","date_gmt":"2009-08-18T18:11:45","guid":{"rendered":"http:\/\/egophobia.dap.ro\/?p=755"},"modified":"2009-08-18T20:11:45","modified_gmt":"2009-08-18T18:11:45","slug":"noutati-despre-egophobia-23","status":"publish","type":"post","link":"https:\/\/blog.egophobia.ro\/?p=755","title":{"rendered":"nout\u0103\u0163i despre EgoPHobia #23"},"content":{"rendered":"<p>planul ini\u0163ial era ca EgoPHobia #23 s\u0103 apar\u0103 la mijlocul lui august, ca num\u0103r aniversar EgoPHobia &#8211; 5 ani, con\u0163in\u00e2nd texte scrise de to\u0163i cei care au lucrat p\u00e2n\u0103 acum la e-revista noastr\u0103 (ca redactori sau colaboratori), iar r\u0103spunsurile invita\u0163ilor no\u015ftri din primele 20 de numere la un chestionar urmau s\u0103 ocupe sec\u0163iunea &#8222;invitat&#8221;. din diverse motive (vacan\u0163e, exageratele, dar uneori inutilele m\u0103suri anti-spam ale unor provideri de e-mail, lipsa accesului la internet, schimb\u0103ri ale unor adrese de e-mail,&#8230;), o parte dintre mesajele noastre n-au ajuns la timp la destina\u0163ie, a\u015fa c\u0103 finalizarea EPH #23 s-a am\u00e2nat pu\u0163in.<\/p>\n<p>\u00eentre timp ne-a zguduit vestea <a href=\"http:\/\/egophobia.dap.ro\/?p=742\">sinuciderii lui Constantin Virgil B\u0103nescu<\/a>. pornind de la sugestia <a href=\"http:\/\/proze.ablog.ro\" target=\"_blank\">Laurei Husti-R\u0103dule\u0163<\/a> de a-i dedica una sau mai multe pagini lui CVB am decis ca, pe l\u00e2ng\u0103 mini-interviurile de care am pomenit, sec\u0163iunea &#8222;invitat&#8221; s\u0103 con\u0163in\u0103 \u015fi un grupaj <em>in memoriam<\/em> Constantin Virgil B\u0103nescu.<\/p>\n<p>pe aceast\u0103 cale invit\u0103m pe oricine dore\u015fte s\u0103 contribuie la acest grupaj (care va con\u0163ine texte despre sau dedicate lui CVB) s\u0103 ne scrie la adresa egophobia@gmx.net (eventualele texte sosite dup\u0103 lansarea EPH #23 vor fi incluse ulterior \u00een material). v\u0103 mul\u0163umim!<\/p>\n","protected":false},"excerpt":{"rendered":"<p>planul ini\u0163ial era ca EgoPHobia #23 s\u0103 apar\u0103 la mijlocul lui august, ca num\u0103r aniversar EgoPHobia &#8211; 5 ani, con\u0163in\u00e2nd texte scrise de to\u0163i cei care au lucrat p\u00e2n\u0103 acum la e-revista noastr\u0103 (ca redactori sau colaboratori), iar r\u0103spunsurile invita\u0163ilor no\u015ftri din primele 20 de numere la un chestionar urmau s\u0103 ocupe sec\u0163iunea &#8222;invitat&#8221;. din [&hellip;]<\/p>\n","protected":false},"author":2,"featured_media":0,"comment_status":"open","ping_status":"open","sticky":false,"template":"","format":"standard","meta":{"_jetpack_memberships_contains_paid_content":false,"footnotes":"","jetpack_publicize_message":"","jetpack_publicize_feature_enabled":true,"jetpack_social_post_already_shared":false,"jetpack_social_options":{"image_generator_settings":{"template":"highway","default_image_id":0,"font":"","enabled":false},"version":2}},"categories":[16],"tags":[88,716,142],"class_list":["post-755","post","type-post","status-publish","format-standard","hentry","category-egophobia-23","tag-constantin-virgil-banescu","tag-egophobia-23","tag-in-memoriam"],"jetpack_publicize_connections":[],"jetpack_featured_media_url":"","jetpack_sharing_enabled":true,"_links":{"self":[{"href":"https:\/\/blog.egophobia.ro\/index.php?rest_route=\/wp\/v2\/posts\/755","targetHints":{"allow":["GET"]}}],"collection":[{"href":"https:\/\/blog.egophobia.ro\/index.php?rest_route=\/wp\/v2\/posts"}],"about":[{"href":"https:\/\/blog.egophobia.ro\/index.php?rest_route=\/wp\/v2\/types\/post"}],"author":[{"embeddable":true,"href":"https:\/\/blog.egophobia.ro\/index.php?rest_route=\/wp\/v2\/users\/2"}],"replies":[{"embeddable":true,"href":"https:\/\/blog.egophobia.ro\/index.php?rest_route=%2Fwp%2Fv2%2Fcomments&post=755"}],"version-history":[{"count":0,"href":"https:\/\/blog.egophobia.ro\/index.php?rest_route=\/wp\/v2\/posts\/755\/revisions"}],"wp:attachment":[{"href":"https:\/\/blog.egophobia.ro\/index.php?rest_route=%2Fwp%2Fv2%2Fmedia&parent=755"}],"wp:term":[{"taxonomy":"category","embeddable":true,"href":"https:\/\/blog.egophobia.ro\/index.php?rest_route=%2Fwp%2Fv2%2Fcategories&post=755"},{"taxonomy":"post_tag","embeddable":true,"href":"https:\/\/blog.egophobia.ro\/index.php?rest_route=%2Fwp%2Fv2%2Ftags&post=755"}],"curies":[{"name":"wp","href":"https:\/\/api.w.org\/{rel}","templated":true}]}}