{"id":796,"date":"2009-09-17T09:09:52","date_gmt":"2009-09-17T07:09:52","guid":{"rendered":"http:\/\/egophobia.dap.ro\/?p=796"},"modified":"2009-09-17T09:09:52","modified_gmt":"2009-09-17T07:09:52","slug":"institutul-blecher-cu-claudiu-komartin","status":"publish","type":"post","link":"https:\/\/blog.egophobia.ro\/?p=796","title":{"rendered":"Institutul Blecher cu Claudiu Komartin"},"content":{"rendered":"<p>anunt preluat de pe <a href=\"http:\/\/unanotimpinberceni.blogspot.com\/2009\/09\/institutul-blecher.html\" target=\"_blank\">blogul lui Claudiu Komartin<\/a><\/p>\n<blockquote><p>Acum nou\u0103 zile s-au \u00eemplinit o sut\u0103 de ani de la na\u015fterea lui Max Blecher. N-am auzit vorbindu-se prea mult despre ceea ce pentru mine e o aniversare important\u0103. (Nici nu am citit nimic edificator \u00een sensul \u0103sta.) A\u015fa c\u0103 m-am hot\u0103r\u00e2t s\u0103 pornesc o serie de \u00eent\u00e2lniri \u015fi lecturi (evit s\u0103-i spun cenaclu fiindc\u0103 va fi, cred, ceva mai mult &#8211; \u015fi mai proasp\u0103t &#8211; de at\u00e2t), \u00een condi\u0163iile \u00een care prin Bucure\u015fti nu prea se mai \u00eent\u00e2mpl\u0103 nimic interesant. Pentru a ne aminti de minunatul scriitor boto\u015f\u0103nean (\u015fi, mai ales, pentru ca cei care \u00eenc\u0103 nu l-au citit s\u0103 o fac\u0103!), se va numi &#8222;Institutul Blecher&#8221;. Prima edi\u0163ie va avea loc duminic\u0103, detaliile sunt scrise pe afi\u015ful de mai jos (pentru care \u00eei mul\u0163umesc Anei Toma), \u015fi-i va avea ca invita\u0163i pe <!--more--> Dan Coman \u015fi Sorin Despot. Sunte\u0163i a\u015ftepta\u0163i.<\/p>\n<p><a onblur=\"try {parent.deselectBloggerImageGracefully();} catch(e) {}\" href=\"http:\/\/4.bp.blogspot.com\/_3Jd82iGOWg0\/SrGZN6ZtTcI\/AAAAAAAAAPs\/5izSb2dwkZM\/s1600-h\/afis.jpg\"><img decoding=\"async\" style=\"margin: 0pt 10px 10px 0pt; float: left; cursor: pointer; width: 400px; height: 283px;\" src=\"http:\/\/4.bp.blogspot.com\/_3Jd82iGOWg0\/SrGZN6ZtTcI\/AAAAAAAAAPs\/5izSb2dwkZM\/s400\/afis.jpg\" alt=\"\" id=\"BLOGGER_PHOTO_ID_5382251493978885570\" border=\"0\" \/><\/a><br \/><a onblur=\"try {parent.deselectBloggerImageGracefully();} catch(e) {}\" href=\"http:\/\/4.bp.blogspot.com\/_3Jd82iGOWg0\/SrGZcDS8yMI\/AAAAAAAAAP0\/azB9lF5g3Ic\/s1600-h\/prezentare.jpg\"><img decoding=\"async\" style=\"margin: 0pt 10px 10px 0pt; float: left; cursor: pointer; width: 400px; height: 283px;\" src=\"http:\/\/4.bp.blogspot.com\/_3Jd82iGOWg0\/SrGZcDS8yMI\/AAAAAAAAAP0\/azB9lF5g3Ic\/s400\/prezentare.jpg\" alt=\"\" id=\"BLOGGER_PHOTO_ID_5382251736884627650\" border=\"0\" \/><\/a>\n<\/p><\/blockquote>\n<p><em>update<\/em>: despre Max Blecher puteti <a href=\"http:\/\/www.observatorcultural.ro\/CENTENAR-MAX-BLECHER.-Lecturi-in-prezentul-imediat*articleID_22439-articles_details.html\" target=\"_blank\">citi<\/a> si in ultimul numar al observatorului cultural.<\/p>\n","protected":false},"excerpt":{"rendered":"<p>anunt preluat de pe blogul lui Claudiu Komartin Acum nou\u0103 zile s-au \u00eemplinit o sut\u0103 de ani de la na\u015fterea lui Max Blecher. N-am auzit vorbindu-se prea mult despre ceea ce pentru mine e o aniversare important\u0103. (Nici nu am citit nimic edificator \u00een sensul \u0103sta.) A\u015fa c\u0103 m-am hot\u0103r\u00e2t s\u0103 pornesc o serie de [&hellip;]<\/p>\n","protected":false},"author":2,"featured_media":0,"comment_status":"open","ping_status":"open","sticky":false,"template":"","format":"standard","meta":{"_jetpack_memberships_contains_paid_content":false,"footnotes":"","jetpack_publicize_message":"","jetpack_publicize_feature_enabled":true,"jetpack_social_post_already_shared":false,"jetpack_social_options":{"image_generator_settings":{"template":"highway","default_image_id":0,"font":"","enabled":false},"version":2}},"categories":[4],"tags":[76,173],"class_list":["post-796","post","type-post","status-publish","format-standard","hentry","category-anunturi-culturale","tag-claudiu-komartin","tag-max-blecher"],"jetpack_publicize_connections":[],"jetpack_featured_media_url":"","jetpack_sharing_enabled":true,"_links":{"self":[{"href":"https:\/\/blog.egophobia.ro\/index.php?rest_route=\/wp\/v2\/posts\/796","targetHints":{"allow":["GET"]}}],"collection":[{"href":"https:\/\/blog.egophobia.ro\/index.php?rest_route=\/wp\/v2\/posts"}],"about":[{"href":"https:\/\/blog.egophobia.ro\/index.php?rest_route=\/wp\/v2\/types\/post"}],"author":[{"embeddable":true,"href":"https:\/\/blog.egophobia.ro\/index.php?rest_route=\/wp\/v2\/users\/2"}],"replies":[{"embeddable":true,"href":"https:\/\/blog.egophobia.ro\/index.php?rest_route=%2Fwp%2Fv2%2Fcomments&post=796"}],"version-history":[{"count":0,"href":"https:\/\/blog.egophobia.ro\/index.php?rest_route=\/wp\/v2\/posts\/796\/revisions"}],"wp:attachment":[{"href":"https:\/\/blog.egophobia.ro\/index.php?rest_route=%2Fwp%2Fv2%2Fmedia&parent=796"}],"wp:term":[{"taxonomy":"category","embeddable":true,"href":"https:\/\/blog.egophobia.ro\/index.php?rest_route=%2Fwp%2Fv2%2Fcategories&post=796"},{"taxonomy":"post_tag","embeddable":true,"href":"https:\/\/blog.egophobia.ro\/index.php?rest_route=%2Fwp%2Fv2%2Ftags&post=796"}],"curies":[{"name":"wp","href":"https:\/\/api.w.org\/{rel}","templated":true}]}}