{"id":824,"date":"2009-09-28T16:52:26","date_gmt":"2009-09-28T14:52:26","guid":{"rendered":"http:\/\/egophobia.dap.ro\/?p=824"},"modified":"2009-09-28T16:52:26","modified_gmt":"2009-09-28T14:52:26","slug":"etica-rasismul-drepturile-omului","status":"publish","type":"post","link":"https:\/\/blog.egophobia.ro\/?p=824","title":{"rendered":"Etica, Rasismul, Drepturile omului"},"content":{"rendered":"<p>am primit la redactie:<\/p>\n<blockquote><p>*Restituim copiilor un univers necesar, dar pe care au riscat pina acum sa<br \/>\nnu-l mai cunoasca. Trei titluri pentru copii &#038; parintii care au copii cu<br \/>\nmulte intrebari.*<br \/>\n<!--more--><\/p>\n<p>*Etica pe intelesul<br \/>\ntuturor<http:\/\/www.cartier.md\/carti\/etica-pe-intelesul-tuturor\/835.html><br \/>\n*<\/p>\n<p>[image: coperta081.jpg]<http:\/\/www.cartier.md\/carti\/etica-pe-intelesul-tuturor\/835.html><br \/>\n*&#8221;Peste tot se vorbeste despre etica. Acest cuvint nu a mai fost niciodata<br \/>\nfolosit atit de frecvent. In fiecare zi, il intilnim rostit in numeroase<br \/>\ndiscursuri, imprimat intr-o sumedenie de ziare si carti, auzit la radio, la<br \/>\ntelevizor, la scoala, la universitate. Si totusi, chiar daca acest cuvint<br \/>\neste omniprezent, nu e sigur ca sensul sau este limpede mereu. Despre ce<br \/>\neste vorba, de fapt, atunci cind vorbim de etica? De morala, oare? De<br \/>\nprincipii generale ori poate de decizii particulare? De aplicarea vechilor<br \/>\nprincipii in situatii noi sau de inventarea unor norme inedite? Oare este<br \/>\nvorba de un subiect pentru experti sau de o cugetare ce implica pe toata<br \/>\nlumea?&#8221;* Roger-Pol Droit<http:\/\/www.cartier.md\/autori\/roger-pol-droit\/297.html><\/p>\n<p>Roger-Pol Droit, *Etica pe intelesul tuturor*, Traducere din franceza de<br \/>\nAlexandru Siclovan, Colectia Verde, 2009, 96 p., Pret: 18<br \/>\nRON.<http:\/\/www.cartier.md\/carti\/etica-pe-intelesul-tuturor\/835.html><\/p>\n<p>*Roger-Pol Droit<br \/>\n<http:\/\/www.cartier.md\/autori\/roger-pol-droit\/297.html>*(n. 1949),<br \/>\nJurnalist, cercetator si scriitor francez. Colaborator la<br \/>\nsaptaminalul *Mondes des livres*, autorul unor lucrari de filozofie care<br \/>\ns-au bucurat de succes, in special *101 experiences de philosophie<br \/>\nquotidienne* (Odile Jacob, 2003). Dintre scrierile lui mai mentionam: *Les<br \/>\nReligions expliquees a ma<br \/>\nfille<http:\/\/www.cartier.md\/carti\/religiile-pe-intelesul-fiicei-mele\/759.html><br \/>\n*, Seuil, 2000 (*Religiile pe intelesul fiicei<br \/>\nmele<http:\/\/www.cartier.md\/carti\/religiile-pe-intelesul-fiicei-mele\/759.html><br \/>\n*, Cartier, 2008); *Dernieres nouvelles des choses*, Odile Jacob,<br \/>\n2003; *L&#8217;Oubli<br \/>\nde l&#8217;Inde &#8211; Une amnesie philosophique*, Seuil, 2004; *L&#8217;Occident explique a<br \/>\ntout le monde*, Seuil, 2008.<\/p>\n<p>*Alexandru Sicolvan* este licentiat in informatica. Traduceri: Denis Guedj,<br \/>\n*Matematica explicata fiicelor mele*, Cartier,<br \/>\n2008<http:\/\/www.cartier.md\/carti\/matematica-explicata-fiicelor-mele\/708.html>;<br \/>\nDenis Guedj, *Teorema papagalului*, Cartier,<br \/>\n2008<http:\/\/www.cartier.md\/carti\/teorema-papagalului\/750.html><br \/>\n.<\/p>\n<p>*Rasismul pe intelesul fiicei mele, urmat de &#8222;Navala<br \/>\nurii&#8221;<http:\/\/www.cartier.md\/carti\/rasismul-pe-intelesul-fiicei-mele\/834.html><br \/>\n*<\/p>\n<p>[image: coperta082.jpg]<http:\/\/www.cartier.md\/carti\/rasismul-pe-intelesul-fiicei-mele\/834.html><br \/>\n*&#8221;Un copil este curios. El pune multe intrebari si asteapta raspunsuri<br \/>\nprecise si convingatoare. Nu-i de gluma cu intrebarile unui copil. Cand a<br \/>\nvenit cu mine la o manifestatie impotriva proiectului de lege privind<br \/>\nimigratia, fiica mea mi-a pus intrebari despre rasism. Am vorbit mult. Mai<br \/>\nbine decit oricine altcineva, copiii pot sa inteleaga ca nu ne nastem, ci<br \/>\ndevenim rasisti. Aceasta carte, care incearca sa raspunda la intrebarile<br \/>\nfiicei mele, se adreseaza copiilor care inca nu au prejudecati si care vor<br \/>\nsa inteleaga. Iar adultilor care o vor citi, eu sper ca le va fi de folos ca<br \/>\nsa le raspunda copiilor lor la intrebari mult mai incuietoare decat s-ar<br \/>\nastepta ei.&#8221;* Tahar Ben<br \/>\nJelloun<http:\/\/www.cartier.md\/autori\/tahar-ben-jelloun\/291.html><\/p>\n<p>Tahar Ben Jelloun, *Rasismul pe intelesul fiicei mele, urmat de &#8222;Navala<br \/>\nurii&#8221;*, Traducere din franceza de Ioana-Crina Coroi, Colectia Verde, 2009,<br \/>\n160 p., Pret: 21<br \/>\nRON.<http:\/\/www.cartier.md\/carti\/rasismul-pe-intelesul-fiicei-mele\/834.html><\/p>\n<p>*Tahar Ben Jelloun <http:\/\/www.cartier.md\/autori\/tahar-ben-jelloun\/291.html><br \/>\n* (n. 1944), scriitor si filozof francez de origine marocana. Dintr-o<br \/>\nbibliografie abundenta, se ramarca: (poezie) *Les amandiers sont morts de<br \/>\nleurs blessures* (1976), *A l&#8217;insu du souvenir* (1980), *Poesie<br \/>\ncomplete*(1995); (roman)<br \/>\n*Moha le fou, Moha le sage* (1978), *L&#8217;enfant de sable* (1985), *La nuit<br \/>\nsacree* (1987), *L&#8217;homme rompu* (1994), *La nuit de l&#8217;erreur* (1997),<br \/>\n*L&#8217;auberge<br \/>\ndes pauvres* (1999); (eseu) *Hospitalite francaise* (1984), *Alberto<br \/>\nGiacometti* (1991). Eseul sau *Le racisem explique a ma<br \/>\nfille<http:\/\/www.cartier.md\/carti\/rasismul-pe-intelesul-fiicei-mele\/834.html><br \/>\n* (1998) a fost tradus in 25 de limbi.<\/p>\n<p>Traducatoarea, *Ioana-Crina Coroi*, a absolvit Facultatea de Litere din<br \/>\ncadrul Universitatii &#8222;Stefan cel Mare&#8221; din Suceava, specializarea Limba si<br \/>\nliteratura franceza &#8211; Limba si literatura romana, si Facultatea de Litere si<br \/>\nStiinte ale Comunicarii din cadrul aceleiasi universitati, specializarea<br \/>\nLimba si literatura romana &#8211; Limba si literatura germana. Traduceri:<br \/>\nPhilippe Lane, *Periferia textului*, Seria &#8222;Stiintele limbajului&#8221;, Colectia<br \/>\n&#8222;Academica&#8221;, Editura Institutului European, Iasi, 2007.<\/p>\n<p>*Drepturile omului pe intelesul copiilor de la 7 la 77 de<br \/>\nani<http:\/\/www.cartier.md\/carti\/drepturile-omului-pe-intelesul-copiilor-de-la-7-la-77-de-ani\/836.html><br \/>\n*<\/p>\n<p>[image: coperta083.jpg]<http:\/\/www.cartier.md\/carti\/drepturile-omului-pe-intelesul-copiilor-de-la-7-la-77-de-ani\/836.html><br \/>\n*Un copil curios si nazdravan vrea sa inteleaga drepturile omului. Cum sa<br \/>\nimpaci interesele unui stat cu drepturile omului? La ce mai pot servi aceste<br \/>\ndrepturi care pe scara larga nu sunt aplicate nicaieri in lume? Islamul este<br \/>\ncompatibil cu ele? Nu ar fi de preferat o dezvoltare in privinta lor? Franta<br \/>\neste cu adevarat tara drepturilor omului? Cu gratia inocentei, copilul ii<br \/>\npune intrebari fara drept de apel lui Rama Yade, Secretarul de Stat in<br \/>\nMinisterul Afacerilor Externe si Drepturile Omului. Despre momentul<br \/>\nintilnirii cu persoanele fara adapost din Aubervilliers, in gestionarea<br \/>\ncrizei numita Arca lui Zoe, despre vizita colonelului Khadafi in Franta si<br \/>\ncea a lui Dalai Lama, Rama Yade raspunde cu umor si inteligenta, tact<br \/>\npedagogic si precizie, folosind exemple emblematice din actiunile sale de<br \/>\nguvernare.*<\/p>\n<p>Rama Yade, *Drepturile omului pe intelesul copiilor de la 7 la 77 de ani*,<br \/>\nTraducere din franceza de Cristina Stratila, Colectia Verde, 2009, 128 p.,<br \/>\nPret: 18 RON.<http:\/\/www.cartier.md\/carti\/drepturile-omului-pe-intelesul-copiilor-de-la-7-la-77-de-ani\/836.html><\/p>\n<p>*Rama Yade <http:\/\/www.cartier.md\/autori\/rama-yade\/326.html>* (n. 1976, la<br \/>\nDakar, Senegal), om politic francez de origine senegaleza (tatal sau a fost<br \/>\nsecretarul particular al presedintelui socialist al Senegalului, Leopold<br \/>\nSedar Senghor) si de confesiune musulmana. Membra a partidului prezidential<br \/>\nUMP, pe 19 iunie 2007 este numita secretar de stat pe linga Ministerul<br \/>\nfrancez al Afacerilor Externe, iar pe 23 iunie 2009, secretar de stat in<br \/>\nproblemele sportului, in guvernul lui Francois Fillon. Carti publicate: *Noirs<br \/>\nde France, les Nouveaux Neg&#8217;marons. Recit d&#8217;un rendez-vous manque entre la<br \/>\nRepublique et les Afro-antillais*, Calmann-Levy, 2007; *Les droits de<br \/>\nl&#8217;homme expliques aux enfants de 7 a 77<br \/>\nans<http:\/\/www.cartier.md\/carti\/drepturile-omului-pe-intelesul-copiilor-de-la-7-la-77-de-ani\/836.html><br \/>\n*, Editions du Seuil, 2008.<\/p>\n<p>Traducatoarea, *Cristina Stratila*, este licentiata in filologie<br \/>\n(Universitatea &#8222;Stefan cel Mare&#8221; din Suceava, Facultatea de Litere, Sectia<br \/>\nromana-franceza). Traduceri: Jean-Michel Adam, Andre Petitjean, *Textul<br \/>\ndescriptiv*, Editura Institutul European, 2008; Jean-Michel Adam, *Textele:<br \/>\ntipuri si prototipuri*, Editura Institutul European, 2009; Martin<br \/>\nLaffon, *Cartea<br \/>\nlui CUM*, Editura Cartier,<br \/>\n2009<http:\/\/www.cartier.md\/carti\/cartea-lui-cum\/789.html>;<br \/>\nJaffe Laura, *Cartea lui CAND* (in colaborare), Editura Cartier,<br \/>\n2009<http:\/\/www.cartier.md\/carti\/cartea-lui-cand\/787.html><br \/>\n.<\/p>\n<p>In *Colectia Verde <http:\/\/www.cartier.md\/colectii\/10\/>* au mai aparut: Bryan<br \/>\nPerro, *Amos Daragon. Minia lui Enki*,<br \/>\n2009<http:\/\/www.cartier.md\/carti\/amos-daragon--mania-lui-enki\/832.html>;<br \/>\nBryan Perro, *Amos Daragon. Turnul El-Bab*,<br \/>\n2009<http:\/\/www.cartier.md\/carti\/amos-daragon--turnul-el-bab\/831.html>;<br \/>\nBryan Perro, *Amos Daragon. Blestemul Freyjei*,<br \/>\n2009<http:\/\/www.cartier.md\/carti\/amos-daragon--blestemul-freyjei\/830.html>;<br \/>\nAnne Vaisman, *Primele experiente sexuale*,<br \/>\n2009<http:\/\/www.cartier.md\/carti\/primele-experiente-sexuale\/811.html>;<br \/>\nAnne Vaisman, *Primele experiente de dragoste*,<br \/>\n2009<http:\/\/www.cartier.md\/carti\/primele-sentimente-de-dragoste\/810.html>;<br \/>\nDenise Stagnara, *Prima data*,<br \/>\n2009<http:\/\/www.cartier.md\/carti\/prima-data\/809.html>;<br \/>\nDavid Pouilloux, *Oare chiar asa sa fie baietii?*,<br \/>\n2009<http:\/\/www.cartier.md\/carti\/oare-chiar-asa-sa-fie-baietii\/807.html>;<br \/>\nSylvaine Jaoui, *Oare chiar asa sa fie fetele?*,<br \/>\n2009<http:\/\/www.cartier.md\/carti\/oare-chiar-asa-sa-fie-fetele\/806.html>;<br \/>\nMagali Clausener-Petit, *Sexualitatea explicata adolescentilor*,<br \/>\n2009<http:\/\/www.cartier.md\/carti\/sexualitatea-explicata-adolescentilor\/805.html>;<br \/>\nClementine Autain, *Macho pe intelesul fratelui meu*,<br \/>\n2009<http:\/\/www.cartier.md\/carti\/macho-pe-intelesul-fratelui-meu\/764.html><br \/>\n.<\/p>\n<p>*Descarca aici oferta cartilor<br \/>\ndisponibile<http:\/\/www.cartier.md\/upload\/File\/Stoc_RO.pdf>\/ Comanda<br \/>\naici cartile Editurii Cartier <codexcartier@gmail.com>*<\/p>\n<p>*Blogroll Cartier:* Gheorghe Erizanu <http:\/\/erizanu.cartier.md\/> Dorin<br \/>\nOnfrei <http:\/\/onofrei.cartier.md\/> Em.<br \/>\nGalaicu-Paun<http:\/\/galaicu-paun.cartier.md\/> Igor<br \/>\nMocanu <http:\/\/mocanu.cartier.md\/> Vitalie Coroban<http:\/\/coroban.cartier.md\/><\/p>\n<p>*V-am introdus in baza noastra de date pentru c\u0103 am considerat c\u0103 sunte\u0163i<br \/>\ninteresat(\u0103) de nout\u0103\u0163ile Editurii CARTIER, iar dac\u0103 adresa dumneavoastr\u0103 de<br \/>\ne-mail a ajuns din gre\u015feal\u0103 la noi, ne cerem scuze si va rugam sa ne<br \/>\ntrimiteti un reply cu mentiunea DEZABONARE. Va multumim.***<br \/>\n &#8211;<br \/>\nIgor Mocanu<\/p>\n<p>Cartier Publishing House &#8211; PR Manager<br \/>\n(+40) 0722 85 34 05<br \/>\nimocanu@cartier.md<br \/>\nwww.mocanu.cartier.md<br \/>\nwww.cartier.md<\/p><\/blockquote>\n","protected":false},"excerpt":{"rendered":"<p>am primit la redactie: *Restituim copiilor un univers necesar, dar pe care au riscat pina acum sa nu-l mai cunoasca. Trei titluri pentru copii &#038; parintii care au copii cu multe intrebari.*<\/p>\n","protected":false},"author":2,"featured_media":0,"comment_status":"open","ping_status":"open","sticky":false,"template":"","format":"standard","meta":{"_jetpack_memberships_contains_paid_content":false,"footnotes":"","jetpack_publicize_message":"","jetpack_publicize_feature_enabled":true,"jetpack_social_post_already_shared":false,"jetpack_social_options":{"image_generator_settings":{"template":"highway","default_image_id":0,"font":"","enabled":false},"version":2}},"categories":[4],"tags":[105,107,117,222],"class_list":["post-824","post","type-post","status-publish","format-standard","hentry","category-anunturi-culturale","tag-drepturile-omului","tag-editura-cartier","tag-etica","tag-rasism"],"jetpack_publicize_connections":[],"jetpack_featured_media_url":"","jetpack_sharing_enabled":true,"_links":{"self":[{"href":"https:\/\/blog.egophobia.ro\/index.php?rest_route=\/wp\/v2\/posts\/824","targetHints":{"allow":["GET"]}}],"collection":[{"href":"https:\/\/blog.egophobia.ro\/index.php?rest_route=\/wp\/v2\/posts"}],"about":[{"href":"https:\/\/blog.egophobia.ro\/index.php?rest_route=\/wp\/v2\/types\/post"}],"author":[{"embeddable":true,"href":"https:\/\/blog.egophobia.ro\/index.php?rest_route=\/wp\/v2\/users\/2"}],"replies":[{"embeddable":true,"href":"https:\/\/blog.egophobia.ro\/index.php?rest_route=%2Fwp%2Fv2%2Fcomments&post=824"}],"version-history":[{"count":0,"href":"https:\/\/blog.egophobia.ro\/index.php?rest_route=\/wp\/v2\/posts\/824\/revisions"}],"wp:attachment":[{"href":"https:\/\/blog.egophobia.ro\/index.php?rest_route=%2Fwp%2Fv2%2Fmedia&parent=824"}],"wp:term":[{"taxonomy":"category","embeddable":true,"href":"https:\/\/blog.egophobia.ro\/index.php?rest_route=%2Fwp%2Fv2%2Fcategories&post=824"},{"taxonomy":"post_tag","embeddable":true,"href":"https:\/\/blog.egophobia.ro\/index.php?rest_route=%2Fwp%2Fv2%2Ftags&post=824"}],"curies":[{"name":"wp","href":"https:\/\/api.w.org\/{rel}","templated":true}]}}