{"id":889,"date":"2009-10-29T17:17:01","date_gmt":"2009-10-29T15:17:01","guid":{"rendered":"http:\/\/egophobia.dap.ro\/?p=889"},"modified":"2009-10-31T09:27:51","modified_gmt":"2009-10-31T07:27:51","slug":"reuniune%c2%a0-stiintifica-jubiliara%c2%a0-dedicata-aniversarii-a-70-de-ani-a-prof-dr-emil-constantinescu","status":"publish","type":"post","link":"https:\/\/blog.egophobia.ro\/?p=889","title":{"rendered":"Reuniune\u00a0 stiin\u0163ific\u0103 jubiliar\u0103\u00a0 dedicat\u0103 anivers\u0103rii a 70 de ani a Prof. dr. Emil Constantinescu"},"content":{"rendered":"<p>am primit la redactie:<\/p>\n<blockquote><p>Universitatea din Bucure\u015fti, Institutul Geologic al Rom\u00e2niei \u015fi Societatea Geologic\u0103 a Rom\u00e2niei organizeaz\u0103 \u00een zilele de 30 \u015fi 31 octombrie 2009 o Conferin\u0163\u0103 \u015ftiin\u0163ific\u0103 interna\u0163ional\u0103 care reune\u015fte personalit\u0103\u0163i prestigioase din domeniul Geologiei \u015fi al Mineralogiei, care activeaz\u0103 \u00een institu\u0163ii academice sau de cercetare din Rom\u00e2nia, Europa \u015fi SUA. Particip\u0103 \u015fefi de promo\u0163ie din seriile de absolven\u0163i ai Profesorului Emil Constantinescu, fo\u015fti \u015fi actuali doctoranzi \u015fi studen\u0163i.<!--more--><\/p>\n<p>Evenimentul va fi deschis vineri 30 octombrie 2009, ora 10.00,\u00a0 \u00een amfiteatrul \u0093Ludovic Mrazec\u0094 al Catedrei de Mineralogie din Universitatea Bucure\u015fti, Bd. N. B\u0103lcescu 1 prin alocu\u0163iunile Rectorului Universit\u0103\u0163ii din Bucure\u015fti, a Pre\u015fedintelui Academiei Rom\u00e2ne, a directorului Institutului Geologic al Rom\u00e2niei. Din partea invita\u0163ilor din str\u0103in\u0103tate va vorbi Prof. dr. Josef\u00a0 Zemann de la Universitatea din Viena, Austria.<\/p>\n<p>Va fi lansat volumul Mineralogy and Geodiversity Tributes to the career of Professor Emil Constantinescu, publicat sub egida Editurii Academiei Rom\u00e2ne \u015fi Editurii Universit\u0103\u0163ii din Bucure\u015fti.<\/p>\n<p>Volumul\u00a0 este dedicat carierei academice a Profesorului Emil Constantinescu \u015fi constituie o antologie de articole \u015ftiin\u0163ifice inedite sau publicate \u00een cele mai prestigioase reviste de specialitate din lume. Structura lucr\u0103rii eviden\u0163iaz\u0103 progresul \u015ftiin\u0163ific \u00een domeniile de cercetare \u00een care a studiat \u015fi publicat profesorul Emil Constantinescu.<\/p>\n<p>Programul manifest\u0103rilor \u015ftiin\u0163ifice este afi\u015fat pe site-ul Universit\u0103\u0163ii din Bucure\u015fti<br \/>\n<a href=\"http:\/\/www.unibuc.ro\/ro\/fac_fgg_ro\">www.unibuc.ro\/ro\/fac_fgg_ro<\/a> .<\/p><\/blockquote>\n","protected":false},"excerpt":{"rendered":"<p>am primit la redactie: Universitatea din Bucure\u015fti, Institutul Geologic al Rom\u00e2niei \u015fi Societatea Geologic\u0103 a Rom\u00e2niei organizeaz\u0103 \u00een zilele de 30 \u015fi 31 octombrie 2009 o Conferin\u0163\u0103 \u015ftiin\u0163ific\u0103 interna\u0163ional\u0103 care reune\u015fte personalit\u0103\u0163i prestigioase din domeniul Geologiei \u015fi al Mineralogiei, care activeaz\u0103 \u00een institu\u0163ii academice sau de cercetare din Rom\u00e2nia, Europa \u015fi SUA. Particip\u0103 \u015fefi de [&hellip;]<\/p>\n","protected":false},"author":1,"featured_media":0,"comment_status":"open","ping_status":"open","sticky":false,"template":"","format":"standard","meta":{"_jetpack_memberships_contains_paid_content":false,"footnotes":"","jetpack_publicize_message":"","jetpack_publicize_feature_enabled":true,"jetpack_social_post_already_shared":false,"jetpack_social_options":{"image_generator_settings":{"template":"highway","default_image_id":0,"font":"","enabled":false},"version":2}},"categories":[4],"tags":[26,38,113],"class_list":["post-889","post","type-post","status-publish","format-standard","hentry","category-anunturi-culturale","tag-70-de-ani","tag-aniversare","tag-emil-constantinescu"],"jetpack_publicize_connections":[],"jetpack_featured_media_url":"","jetpack_sharing_enabled":true,"_links":{"self":[{"href":"https:\/\/blog.egophobia.ro\/index.php?rest_route=\/wp\/v2\/posts\/889","targetHints":{"allow":["GET"]}}],"collection":[{"href":"https:\/\/blog.egophobia.ro\/index.php?rest_route=\/wp\/v2\/posts"}],"about":[{"href":"https:\/\/blog.egophobia.ro\/index.php?rest_route=\/wp\/v2\/types\/post"}],"author":[{"embeddable":true,"href":"https:\/\/blog.egophobia.ro\/index.php?rest_route=\/wp\/v2\/users\/1"}],"replies":[{"embeddable":true,"href":"https:\/\/blog.egophobia.ro\/index.php?rest_route=%2Fwp%2Fv2%2Fcomments&post=889"}],"version-history":[{"count":2,"href":"https:\/\/blog.egophobia.ro\/index.php?rest_route=\/wp\/v2\/posts\/889\/revisions"}],"predecessor-version":[{"id":893,"href":"https:\/\/blog.egophobia.ro\/index.php?rest_route=\/wp\/v2\/posts\/889\/revisions\/893"}],"wp:attachment":[{"href":"https:\/\/blog.egophobia.ro\/index.php?rest_route=%2Fwp%2Fv2%2Fmedia&parent=889"}],"wp:term":[{"taxonomy":"category","embeddable":true,"href":"https:\/\/blog.egophobia.ro\/index.php?rest_route=%2Fwp%2Fv2%2Fcategories&post=889"},{"taxonomy":"post_tag","embeddable":true,"href":"https:\/\/blog.egophobia.ro\/index.php?rest_route=%2Fwp%2Fv2%2Ftags&post=889"}],"curies":[{"name":"wp","href":"https:\/\/api.w.org\/{rel}","templated":true}]}}