{"id":917,"date":"2009-11-16T16:57:05","date_gmt":"2009-11-16T14:57:05","guid":{"rendered":"http:\/\/blog.egophobia.ro\/?p=917"},"modified":"2009-12-18T18:16:15","modified_gmt":"2009-12-18T16:16:15","slug":"editura-ars-docendi-la-gaudeamus-2009","status":"publish","type":"post","link":"https:\/\/blog.egophobia.ro\/?p=917","title":{"rendered":"editura Ars Docendi la Gaudeamus 2009"},"content":{"rendered":"<p>anunt primit la redactie<\/p>\n<blockquote><p>\u00cen perioada 25 &#8211; 29 noiembrie a.c. va avea loc cea de-a \u015faisprezecea edi\u0163ie a T\u00e2rgului Interna\u0163ional GAUDEAMUS &#8211; Carte de \u00eenv\u0103\u0163\u0103tur\u0103, organizat de Societatea Rom\u00e2n\u0103 de Radiodifuziune; evenimentul se va desf\u0103\u015fura\u00a0 \u00een Pavilionul Central Romexpo.\u00a0\u00a0Ca \u015fi \u00een anii anteriori, Editura Ars Docendi &#8211; Universitatea din Bucure\u015fti se va num\u0103ra printre participan\u0163ii la acest t\u00e2rg \u015fi are pl\u0103cerea de a v\u0103 invita la evenimentele organizate cu aceast\u0103 ocazie.<!--more--><\/p>\n<p>Lista complet\u0103 a manifest\u0103rilor se g\u0103se\u015fte \u00een <a href=\"http:\/\/www.fileden.com\/files\/2008\/3\/18\/1822051\/blog\/macheta%20publicitate%20gaudeamus%202009.pdf\">ata\u015fament<\/a>.<\/p>\n<p>\u00cen m\u0103sura \u00een care timpul v\u0103 va permite, ne-am bucura s\u0103 v\u0103 avem printre invita\u0163i.<\/p>\n<p>Cu deosebit\u0103 stim\u0103,<\/p>\n<p>Ioan Cr\u0103ciun, director<\/p>\n<\/blockquote>\n","protected":false},"excerpt":{"rendered":"<p>anunt primit la redactie \u00cen perioada 25 &#8211; 29 noiembrie a.c. va avea loc cea de-a \u015faisprezecea edi\u0163ie a T\u00e2rgului Interna\u0163ional GAUDEAMUS &#8211; Carte de \u00eenv\u0103\u0163\u0103tur\u0103, organizat de Societatea Rom\u00e2n\u0103 de Radiodifuziune; evenimentul se va desf\u0103\u015fura\u00a0 \u00een Pavilionul Central Romexpo.\u00a0\u00a0Ca \u015fi \u00een anii anteriori, Editura Ars Docendi &#8211; Universitatea din Bucure\u015fti se va num\u0103ra printre [&hellip;]<\/p>\n","protected":false},"author":2,"featured_media":0,"comment_status":"closed","ping_status":"open","sticky":false,"template":"","format":"standard","meta":{"_jetpack_memberships_contains_paid_content":false,"footnotes":"","jetpack_publicize_message":"","jetpack_publicize_feature_enabled":true,"jetpack_social_post_already_shared":false,"jetpack_social_options":{"image_generator_settings":{"template":"highway","default_image_id":0,"font":"","enabled":false},"version":2}},"categories":[4],"tags":[],"class_list":["post-917","post","type-post","status-publish","format-standard","hentry","category-anunturi-culturale"],"jetpack_publicize_connections":[],"jetpack_featured_media_url":"","jetpack_sharing_enabled":true,"_links":{"self":[{"href":"https:\/\/blog.egophobia.ro\/index.php?rest_route=\/wp\/v2\/posts\/917","targetHints":{"allow":["GET"]}}],"collection":[{"href":"https:\/\/blog.egophobia.ro\/index.php?rest_route=\/wp\/v2\/posts"}],"about":[{"href":"https:\/\/blog.egophobia.ro\/index.php?rest_route=\/wp\/v2\/types\/post"}],"author":[{"embeddable":true,"href":"https:\/\/blog.egophobia.ro\/index.php?rest_route=\/wp\/v2\/users\/2"}],"replies":[{"embeddable":true,"href":"https:\/\/blog.egophobia.ro\/index.php?rest_route=%2Fwp%2Fv2%2Fcomments&post=917"}],"version-history":[{"count":2,"href":"https:\/\/blog.egophobia.ro\/index.php?rest_route=\/wp\/v2\/posts\/917\/revisions"}],"predecessor-version":[{"id":962,"href":"https:\/\/blog.egophobia.ro\/index.php?rest_route=\/wp\/v2\/posts\/917\/revisions\/962"}],"wp:attachment":[{"href":"https:\/\/blog.egophobia.ro\/index.php?rest_route=%2Fwp%2Fv2%2Fmedia&parent=917"}],"wp:term":[{"taxonomy":"category","embeddable":true,"href":"https:\/\/blog.egophobia.ro\/index.php?rest_route=%2Fwp%2Fv2%2Fcategories&post=917"},{"taxonomy":"post_tag","embeddable":true,"href":"https:\/\/blog.egophobia.ro\/index.php?rest_route=%2Fwp%2Fv2%2Ftags&post=917"}],"curies":[{"name":"wp","href":"https:\/\/api.w.org\/{rel}","templated":true}]}}