{"id":919,"date":"2009-11-20T14:42:02","date_gmt":"2009-11-20T12:42:02","guid":{"rendered":"http:\/\/blog.egophobia.ro\/?p=919"},"modified":"2009-11-20T14:42:02","modified_gmt":"2009-11-20T12:42:02","slug":"proiect-avdhela-%e2%80%93-biblioteca-culturii-aromane","status":"publish","type":"post","link":"https:\/\/blog.egophobia.ro\/?p=919","title":{"rendered":"Proiect Avdhela \u2013 Biblioteca Culturii Arom\u00e2ne"},"content":{"rendered":"<p>am primit la redactie<\/p>\n<blockquote><p>Bucure\u015fti, 19 Noiembrie 2009: Asocia\u0163ia Predania lanseaz\u0103 \u201eProiect Avdhela \u2013 Biblioteca Culturii Arom\u00e2ne\u201d, esen\u0163ial\u0103 resurs\u0103 de informa\u0163ii on-line despre originea, evolu\u0163ia istoric\u0103, social\u0103 \u015fi spiritual\u0103 a arom\u00e2nilor.<!--more--><\/p>\n<p>Asocia\u0163ia Predania v\u0103 invit\u0103 Mar\u0163i 24 Noiembrie 2009, ora 18.00, la Clubul \u0162\u0103ranului (Muzeul \u0162\u0103ranului Rom\u00e2n) cu prilejul lans\u0103rii site-ului \u201eProiect Avdhela \u2013 Biblioteca Culturii Arom\u00e2ne\u201d, care \u00ee\u015fi propune s\u0103 identifice, s\u0103 editeze \u015fi s\u0103 ofere operele \u015ftiin\u0163ifice \u015fi artistice ale patrimoniului culturii arom\u00e2ne \u015fi ale celor \u00eenrudite ei. Aceste bunuri culturale, \u00een special cele aflate \u00een custodia public\u0103, vor deveni accesibile cercet\u0103torilor \u015fi tuturor celor interesa\u0163i \u00een mod gratuit, acces\u00e2nd adresa www.proiectavdhela.ro.<br \/>\nParticip\u0103: George Vrana (poet, eseist), Ionu\u0163 Pi\u0163urescu (regizor), Aleksander Zikov (regizor)<br \/>\nSe vor viziona filmele: \u201eBalkan\u2019s Digest\u201d realizat de regizorul Ionu\u0163 Pi\u0163urescu \u015fi \u201eCalea Eschibaba\u201d \u00een regia lui Aleksander Zikov.<\/p>\n<p>Contact:<br \/>\nIonu\u0163 Gurgu, coordonator proiect<br \/>\nTel. :0748219996<br \/>\nE-mail: editura@predania.ro<br \/>\nwww.proiectavdhela.ro<\/p>\n<p>Proiectul Avdhela este non-profit, neguvernamental, realizat prin activitatea voluntar\u0103 a persoanelor (autori \u015fi colectiv editorial) \u015fi institu\u0163iilor care, \u00een sens larg, se ocup\u0103 cu cercetarea, evolu\u0163ia \u015fi p\u0103strarea culturii arom\u00e2ne.<br \/>\nProiectul va include \u015fi activit\u0103\u0163i editoriale pe suport de h\u00e2rtie (c\u0103r\u0163i, reviste, bro\u015furi), produc\u0163ie multimedia (CD audio, CD-ROM, film etc.), va ini\u0163ia \u015fi organiza \u00eent\u00e2lniri, simpozioane, \u015fcoli de var\u0103, programe culturale.<br \/>\nAceast\u0103 ini\u0163iativ\u0103 cultural\u0103 se adreseaz\u0103, \u00een principal, arom\u00e2nilor \u00een inten\u0163ia de a oferi mijloace de p\u0103strare a limbii, de cunoa\u015ftere a originilor, evolu\u0163iei istorice, sociale, spirituale, dar \u015fi popoarelor spa\u0163iului balcanic, \u00een mijlocul c\u0103rora tr\u0103iesc comunit\u0103\u0163ile arom\u00e2ne, pentru cunoa\u015fterea mai temeinic\u0103 a acestora, pentru a li se aprecia cultura, limba, tradi\u0163iile str\u0103vechi, pentru a fi respectate \u015fi tratate cu demnitate de c\u0103tre cei cu care convie\u0163uiesc.<\/p>\n<p><a href=\"http:\/\/www.fileden.com\/files\/2008\/3\/18\/1822051\/blog\/Comunicat_de_presa_Proiect_Avdhela.pdf\">Comunicat de presa<\/a> [pdf]<br \/>\n<a href=\"http:\/\/www.fileden.com\/files\/2008\/3\/18\/1822051\/blog\/Afis_lansare_Proiect_Avdhela.pdf\">Afis lansare<\/a> [pdf]<br \/>\n<img decoding=\"async\" src=\"http:\/\/i158.photobucket.com\/albums\/t103\/egophobia\/blog\/Afis_lansare_Proiect_Avdhela.jpg\"><\/p><\/blockquote>\n","protected":false},"excerpt":{"rendered":"<p>am primit la redactie Bucure\u015fti, 19 Noiembrie 2009: Asocia\u0163ia Predania lanseaz\u0103 \u201eProiect Avdhela \u2013 Biblioteca Culturii Arom\u00e2ne\u201d, esen\u0163ial\u0103 resurs\u0103 de informa\u0163ii on-line despre originea, evolu\u0163ia istoric\u0103, social\u0103 \u015fi spiritual\u0103 a arom\u00e2nilor.<\/p>\n","protected":false},"author":2,"featured_media":0,"comment_status":"open","ping_status":"open","sticky":false,"template":"","format":"standard","meta":{"_jetpack_memberships_contains_paid_content":false,"footnotes":"","jetpack_publicize_message":"","jetpack_publicize_feature_enabled":true,"jetpack_social_post_already_shared":false,"jetpack_social_options":{"image_generator_settings":{"template":"highway","default_image_id":0,"font":"","enabled":false},"version":2}},"categories":[4],"tags":[315,314],"class_list":["post-919","post","type-post","status-publish","format-standard","hentry","category-anunturi-culturale","tag-biblioteca-culturii-aromane","tag-proiect-avdhela"],"jetpack_publicize_connections":[],"jetpack_featured_media_url":"","jetpack_sharing_enabled":true,"_links":{"self":[{"href":"https:\/\/blog.egophobia.ro\/index.php?rest_route=\/wp\/v2\/posts\/919","targetHints":{"allow":["GET"]}}],"collection":[{"href":"https:\/\/blog.egophobia.ro\/index.php?rest_route=\/wp\/v2\/posts"}],"about":[{"href":"https:\/\/blog.egophobia.ro\/index.php?rest_route=\/wp\/v2\/types\/post"}],"author":[{"embeddable":true,"href":"https:\/\/blog.egophobia.ro\/index.php?rest_route=\/wp\/v2\/users\/2"}],"replies":[{"embeddable":true,"href":"https:\/\/blog.egophobia.ro\/index.php?rest_route=%2Fwp%2Fv2%2Fcomments&post=919"}],"version-history":[{"count":3,"href":"https:\/\/blog.egophobia.ro\/index.php?rest_route=\/wp\/v2\/posts\/919\/revisions"}],"predecessor-version":[{"id":922,"href":"https:\/\/blog.egophobia.ro\/index.php?rest_route=\/wp\/v2\/posts\/919\/revisions\/922"}],"wp:attachment":[{"href":"https:\/\/blog.egophobia.ro\/index.php?rest_route=%2Fwp%2Fv2%2Fmedia&parent=919"}],"wp:term":[{"taxonomy":"category","embeddable":true,"href":"https:\/\/blog.egophobia.ro\/index.php?rest_route=%2Fwp%2Fv2%2Fcategories&post=919"},{"taxonomy":"post_tag","embeddable":true,"href":"https:\/\/blog.egophobia.ro\/index.php?rest_route=%2Fwp%2Fv2%2Ftags&post=919"}],"curies":[{"name":"wp","href":"https:\/\/api.w.org\/{rel}","templated":true}]}}