{"id":997,"date":"2010-01-10T17:04:15","date_gmt":"2010-01-10T15:04:15","guid":{"rendered":"http:\/\/blog.egophobia.ro\/?p=997"},"modified":"2010-01-10T17:04:15","modified_gmt":"2010-01-10T15:04:15","slug":"lansarea-volumului-%e2%80%9eeminescu-si-india%e2%80%9d-al-autoarei-amita-bhose","status":"publish","type":"post","link":"https:\/\/blog.egophobia.ro\/?p=997","title":{"rendered":"Lansarea volumului \u201eEminescu \u015fi India\u201d al autoarei Amita Bhose"},"content":{"rendered":"<p>eveniment recomandat de EgoPHobia<\/p>\n<blockquote><p>S\u0103rb\u0103torirea a 160 de ani de la na\u015fterea poetului Mihai Eminescu prilejuie\u015fte lansarea volumului \u201eEminescu \u015fi India\u201d, al autoarei Amita Bhose. Cartea trateaz\u0103 rela\u0163iile dintre filosofia indian\u0103 \u015fi opera poetului rom\u00e2n. Prima traduc\u0103toare a operei eminesciene \u00een spa\u0163iul asiatic este considerat\u0103 a fi \u201eunul dintre cei mai aviza\u0163i cercet\u0103tori ai istoriei p\u0103trunderii culturii indiene \u00een spa\u0163iul cultural european\u201d, conform lingvistului George Munteanu, citat de Mediafax. Evenimentul va avea loc mar\u0163i 12.01.10, la Muzeul Na\u0163ional al Literaturii Rom\u00e2ne din Bucure\u015fti.<\/p><\/blockquote>\n","protected":false},"excerpt":{"rendered":"<p>eveniment recomandat de EgoPHobia S\u0103rb\u0103torirea a 160 de ani de la na\u015fterea poetului Mihai Eminescu prilejuie\u015fte lansarea volumului \u201eEminescu \u015fi India\u201d, al autoarei Amita Bhose. Cartea trateaz\u0103 rela\u0163iile dintre filosofia indian\u0103 \u015fi opera poetului rom\u00e2n. Prima traduc\u0103toare a operei eminesciene \u00een spa\u0163iul asiatic este considerat\u0103 a fi \u201eunul dintre cei mai aviza\u0163i cercet\u0103tori ai istoriei [&hellip;]<\/p>\n","protected":false},"author":2,"featured_media":0,"comment_status":"open","ping_status":"open","sticky":false,"template":"","format":"standard","meta":{"_jetpack_memberships_contains_paid_content":false,"footnotes":"","jetpack_publicize_message":"","jetpack_publicize_feature_enabled":true,"jetpack_social_post_already_shared":false,"jetpack_social_options":{"image_generator_settings":{"template":"highway","default_image_id":0,"font":"","enabled":false},"version":2}},"categories":[4,22],"tags":[35,356],"class_list":["post-997","post","type-post","status-publish","format-standard","hentry","category-anunturi-culturale","category-recomandari","tag-amita-bhose","tag-eminescu-si-india"],"jetpack_publicize_connections":[],"jetpack_featured_media_url":"","jetpack_sharing_enabled":true,"_links":{"self":[{"href":"https:\/\/blog.egophobia.ro\/index.php?rest_route=\/wp\/v2\/posts\/997","targetHints":{"allow":["GET"]}}],"collection":[{"href":"https:\/\/blog.egophobia.ro\/index.php?rest_route=\/wp\/v2\/posts"}],"about":[{"href":"https:\/\/blog.egophobia.ro\/index.php?rest_route=\/wp\/v2\/types\/post"}],"author":[{"embeddable":true,"href":"https:\/\/blog.egophobia.ro\/index.php?rest_route=\/wp\/v2\/users\/2"}],"replies":[{"embeddable":true,"href":"https:\/\/blog.egophobia.ro\/index.php?rest_route=%2Fwp%2Fv2%2Fcomments&post=997"}],"version-history":[{"count":1,"href":"https:\/\/blog.egophobia.ro\/index.php?rest_route=\/wp\/v2\/posts\/997\/revisions"}],"predecessor-version":[{"id":998,"href":"https:\/\/blog.egophobia.ro\/index.php?rest_route=\/wp\/v2\/posts\/997\/revisions\/998"}],"wp:attachment":[{"href":"https:\/\/blog.egophobia.ro\/index.php?rest_route=%2Fwp%2Fv2%2Fmedia&parent=997"}],"wp:term":[{"taxonomy":"category","embeddable":true,"href":"https:\/\/blog.egophobia.ro\/index.php?rest_route=%2Fwp%2Fv2%2Fcategories&post=997"},{"taxonomy":"post_tag","embeddable":true,"href":"https:\/\/blog.egophobia.ro\/index.php?rest_route=%2Fwp%2Fv2%2Ftags&post=997"}],"curies":[{"name":"wp","href":"https:\/\/api.w.org\/{rel}","templated":true}]}}